{"id":35883,"date":"2020-06-22T11:54:10","date_gmt":"2020-06-22T03:54:10","guid":{"rendered":"http:\/\/www.namnewsnetwork.org\/es\/?p=35883"},"modified":"2020-06-22T11:54:12","modified_gmt":"2020-06-22T03:54:12","slug":"india-celebro-dia-internacional-del-yoga","status":"publish","type":"post","link":"http:\/\/www.namnewsnetwork.org\/es\/?p=35883","title":{"rendered":"India celebr\u00f3 D\u00eda Internacional del Yoga"},"content":{"rendered":"\n<p>NUEVA DELHI, 22 de junio (NNN-PRENSA LATINA) &#8212; India celebr\u00f3 el domingo el sexto D\u00eda Internacional del Yoga animando a la gente a realizar su pr\u00e1ctica en casa con la participaci\u00f3n de toda la familia, debido al brote de la COVID-19.<\/p>\n\n\n\n<p>El D\u00eda Internacional del Yoga comenz\u00f3 con un mensaje del primer ministro, Narendra Modi, quien apel\u00f3 a la gente a realizar yoga en los hogares con sus familiares, siguiendo todas las normas de distanciamiento social.<\/p>\n\n\n\n<p>Dijo que esta disciplina juega un papel importante en la mejora de la inmunidad y permite una mente fuerte y un cuerpo sano.<\/p>\n\n\n\n<p>La celebraci\u00f3n del D\u00eda Internacional del Yoga en los \u00faltimos a\u00f1os se caracteriz\u00f3 por las demostraciones masivas en lugares p\u00fablicos, pero en esta ocasi\u00f3n debido al brote pand\u00e9mico de la COVID-19 el enfoque fue dirigido a animar a la gente a hacer yoga en sus casas junto a la familia.<\/p>\n\n\n\n<p>De acuerdo con expertos, el yoga es una actividad significativa en la actual situaci\u00f3n de pandemia, pues su pr\u00e1ctica conduce al bienestar f\u00edsico y mental y aumenta la capacidad del individuo para luchar contra las enfermedades.<\/p>\n\n\n\n<p>Este a\u00f1o, la celebraci\u00f3n se centr\u00f3 en el tema &#8216;Yoga en el hogar, Yoga con la familia&#8217;. El Ministerio de Ayush organiz\u00f3 el concurso de video blogs &#8216;Mi vida, mi Yoga&#8217; con atractivos premios, que insta a la gente a publicar sus cortos de video interpretando diferentes Yogasanas o posturas.<br>\n&#8212; NNN-PRENSA LATINA<\/p>\n","protected":false},"excerpt":{"rendered":"<p>NUEVA DELHI, 22 de junio (NNN-PRENSA LATINA) &#8212; India celebr\u00f3 el domingo el sexto D\u00eda Internacional del Yoga animando a la gente a realizar su pr\u00e1ctica en casa con la participaci\u00f3n de toda la familia, debido al brote de la COVID-19. El D\u00eda Internacional del Yoga comenz\u00f3 con un mensaje del primer ministro, Narendra Modi, [&hellip;]<\/p>\n","protected":false},"author":2,"featured_media":35905,"comment_status":"closed","ping_status":"closed","sticky":false,"template":"","format":"standard","meta":[],"categories":[274,208,199,211],"tags":[],"_links":{"self":[{"href":"http:\/\/www.namnewsnetwork.org\/es\/index.php?rest_route=\/wp\/v2\/posts\/35883"}],"collection":[{"href":"http:\/\/www.namnewsnetwork.org\/es\/index.php?rest_route=\/wp\/v2\/posts"}],"about":[{"href":"http:\/\/www.namnewsnetwork.org\/es\/index.php?rest_route=\/wp\/v2\/types\/post"}],"author":[{"embeddable":true,"href":"http:\/\/www.namnewsnetwork.org\/es\/index.php?rest_route=\/wp\/v2\/users\/2"}],"replies":[{"embeddable":true,"href":"http:\/\/www.namnewsnetwork.org\/es\/index.php?rest_route=%2Fwp%2Fv2%2Fcomments&post=35883"}],"version-history":[{"count":1,"href":"http:\/\/www.namnewsnetwork.org\/es\/index.php?rest_route=\/wp\/v2\/posts\/35883\/revisions"}],"predecessor-version":[{"id":35906,"href":"http:\/\/www.namnewsnetwork.org\/es\/index.php?rest_route=\/wp\/v2\/posts\/35883\/revisions\/35906"}],"wp:featuredmedia":[{"embeddable":true,"href":"http:\/\/www.namnewsnetwork.org\/es\/index.php?rest_route=\/wp\/v2\/media\/35905"}],"wp:attachment":[{"href":"http:\/\/www.namnewsnetwork.org\/es\/index.php?rest_route=%2Fwp%2Fv2%2Fmedia&parent=35883"}],"wp:term":[{"taxonomy":"category","embeddable":true,"href":"http:\/\/www.namnewsnetwork.org\/es\/index.php?rest_route=%2Fwp%2Fv2%2Fcategories&post=35883"},{"taxonomy":"post_tag","embeddable":true,"href":"http:\/\/www.namnewsnetwork.org\/es\/index.php?rest_route=%2Fwp%2Fv2%2Ftags&post=35883"}],"curies":[{"name":"wp","href":"https:\/\/api.w.org\/{rel}","templated":true}]}}