{"id":26739,"date":"2020-01-06T11:42:45","date_gmt":"2020-01-06T03:42:45","guid":{"rendered":"http:\/\/www.namnewsnetwork.org\/es\/?p=26739"},"modified":"2020-01-06T11:42:47","modified_gmt":"2020-01-06T03:42:47","slug":"onu-expresa-preocupacion-por-situacion-en-municipio-de-colombia","status":"publish","type":"post","link":"http:\/\/www.namnewsnetwork.org\/es\/?p=26739","title":{"rendered":"ONU expresa preocupaci\u00f3n por situaci\u00f3n en municipio de Colombia"},"content":{"rendered":"\n<p>BOGOT\u00c1, 6 de enero (NNN-PRENSA LATINA) &#8212; La Oficina en Colombia del Alto Comisionado de ONU para los Derechos Humanos expres\u00f3 su preocupaci\u00f3n por la situaci\u00f3n de los habitantes del municipio de Bojay\u00e1, tras divulgarse denuncias de confinamiento por el accionar de grupos armados ilegales.<\/p>\n\n\n\n<p>Estamos muy preocupados por las amenazas de muerte en contra del defensor de derechos humanos Leyner Palacios y por la situaci\u00f3n de los habitantes de Bojay\u00e1. Esperamos que el gobierno le garantice a \u00e9l, a su familia y a las personas de Bojay\u00e1 su vida e integridad, apunt\u00f3.<\/p>\n\n\n\n<p>Urgimos a la Fiscal\u00eda a investigar, juzgar y sancionar a quienes amenazaron de muerte al defensor Palacios. Hacemos seguimiento a estas amenazas y a situaci\u00f3n de los habitantes y defensores en Bojay\u00e1, manifest\u00f3 a trav\u00e9s de su cuenta en Twitter.<\/p>\n\n\n\n<p>Al respecto, la Comisi\u00f3n Inter\u00e9tnica de la Verdad del Pac\u00edfico de Colombia rechaz\u00f3 la amenaza de muerte contra Palacios.<\/p>\n\n\n\n<p>Asimismo, denunci\u00f3 &#8216;la toma paramilitar a la comunidad de Pogue-Bojay\u00e1 por cerca de 300 efectivos del denominado &#8216;Clan del Golfo&#8217; (considerada una de las mayores bandas del crimen organizado en Colombia) o Autodefensas Gaitanistas&#8217;.<\/p>\n\n\n\n<p>Palacios, en representaci\u00f3n de la comunidad de Bojay\u00e1, fue galardonado en 2017 con el premio Mundial al Pluralismo. Adem\u00e1s, estuvo nominado, con un grupo de v\u00edctimas, al Premio Nobel de Paz en 2016.<\/p>\n\n\n\n<p>La Comisi\u00f3n resalt\u00f3 &#8216;su incansable labor como l\u00edder comunitario se ha profundizado desde el mismo momento que ocurrieron los lamentables hechos de la masacre de Bojay\u00e1 cometida el 2 de mayo de 2002&#8217;.<\/p>\n\n\n\n<p>Desde 2014 se dedic\u00f3 a acompa\u00f1ar el proceso de di\u00e1logo de paz y a consolidar la implementaci\u00f3n del Acuerdo de Paz (firmado en 2016 por el Estado y la exguerrilla FARC-EP) desde las comunidades del Pac\u00edfico.<\/p>\n\n\n\n<p>En la actualidad su principal tarea es impulsar el &#8216;Esclarecimiento de la Verdad sobre el Da\u00f1o al Territorio&#8217;, por ello asumi\u00f3 la responsabilidad de coordinar la Secretar\u00eda Ejecutiva de la Comisi\u00f3n Inter\u00e9tnica de la Verdad del Pac\u00edfico, apunt\u00f3.<\/p>\n\n\n\n<p>La Comisi\u00f3n exigi\u00f3 adem\u00e1s a la Fiscal\u00eda que investigue el escenario de conflicto armado que est\u00e1 poniendo en riesgo a las comunidades de Bojay\u00e1 y espec\u00edficamente la amenaza contra Palacios.<\/p>\n\n\n\n<p>Reclamamos, como se ha estado haciendo de forma reiterada, al presidente Iv\u00e1n Duque, que se comprometa de manera efectiva con la implementaci\u00f3n del Acuerdo de Paz, el cual contempla medidas y compromisos por parte del Estado para erradicar los grupos paramilitares, puntualiz\u00f3.<br>\n&#8212; NNN-PRENSA LATINA<\/p>\n","protected":false},"excerpt":{"rendered":"<p>BOGOT\u00c1, 6 de enero (NNN-PRENSA LATINA) &#8212; La Oficina en Colombia del Alto Comisionado de ONU para los Derechos Humanos expres\u00f3 su preocupaci\u00f3n por la situaci\u00f3n de los habitantes del municipio de Bojay\u00e1, tras divulgarse denuncias de confinamiento por el accionar de grupos armados ilegales. Estamos muy preocupados por las amenazas de muerte en contra [&hellip;]<\/p>\n","protected":false},"author":2,"featured_media":26750,"comment_status":"closed","ping_status":"closed","sticky":false,"template":"","format":"standard","meta":[],"categories":[215,277,211],"tags":[],"_links":{"self":[{"href":"http:\/\/www.namnewsnetwork.org\/es\/index.php?rest_route=\/wp\/v2\/posts\/26739"}],"collection":[{"href":"http:\/\/www.namnewsnetwork.org\/es\/index.php?rest_route=\/wp\/v2\/posts"}],"about":[{"href":"http:\/\/www.namnewsnetwork.org\/es\/index.php?rest_route=\/wp\/v2\/types\/post"}],"author":[{"embeddable":true,"href":"http:\/\/www.namnewsnetwork.org\/es\/index.php?rest_route=\/wp\/v2\/users\/2"}],"replies":[{"embeddable":true,"href":"http:\/\/www.namnewsnetwork.org\/es\/index.php?rest_route=%2Fwp%2Fv2%2Fcomments&post=26739"}],"version-history":[{"count":1,"href":"http:\/\/www.namnewsnetwork.org\/es\/index.php?rest_route=\/wp\/v2\/posts\/26739\/revisions"}],"predecessor-version":[{"id":26751,"href":"http:\/\/www.namnewsnetwork.org\/es\/index.php?rest_route=\/wp\/v2\/posts\/26739\/revisions\/26751"}],"wp:featuredmedia":[{"embeddable":true,"href":"http:\/\/www.namnewsnetwork.org\/es\/index.php?rest_route=\/wp\/v2\/media\/26750"}],"wp:attachment":[{"href":"http:\/\/www.namnewsnetwork.org\/es\/index.php?rest_route=%2Fwp%2Fv2%2Fmedia&parent=26739"}],"wp:term":[{"taxonomy":"category","embeddable":true,"href":"http:\/\/www.namnewsnetwork.org\/es\/index.php?rest_route=%2Fwp%2Fv2%2Fcategories&post=26739"},{"taxonomy":"post_tag","embeddable":true,"href":"http:\/\/www.namnewsnetwork.org\/es\/index.php?rest_route=%2Fwp%2Fv2%2Ftags&post=26739"}],"curies":[{"name":"wp","href":"https:\/\/api.w.org\/{rel}","templated":true}]}}