{"id":151199,"date":"2026-04-30T15:24:00","date_gmt":"2026-04-30T07:24:00","guid":{"rendered":"http:\/\/www.namnewsnetwork.org\/es\/?p=151199"},"modified":"2026-04-30T14:51:21","modified_gmt":"2026-04-30T06:51:21","slug":"comision-economica-para-africa-destaca-iniciativas-de-etiopia-frente-al-cambio-climatico","status":"publish","type":"post","link":"http:\/\/www.namnewsnetwork.org\/es\/?p=151199","title":{"rendered":"Comisi\u00f3n Econ\u00f3mica para \u00c1frica destaca iniciativas de Etiop\u00eda frente al cambio clim\u00e1tico"},"content":{"rendered":"\n<p>AD\u00cdS ABEBA, 30 abr (NNN-PRENSA LATINA) &#8212; El secretario ejecutivo de la Comisi\u00f3n Econ\u00f3mica para \u00c1frica (ECA), Claver Gatete, elogi\u00f3 el liderazgo de Etiop\u00eda y sus acciones clim\u00e1ticas, destac\u00e1ndolo como un modelo para el desarrollo sostenible africano, en un evento aqu\u00ed el mi\u00e9rcoles.<\/p>\n\n\n\n<p>Gatete, al intervenir en la XII Sesi\u00f3n del Foro Regional de \u00c1frica sobre Desarrollo Sostenible 2026, previsto del 28 al 30 de abril, reconoci\u00f3 al Gobierno et\u00edope y al primer ministro Abiy Ahmed por lo que describi\u00f3 como iniciativas ambientales audaces.<\/p>\n\n\n\n<p>Expres\u00f3 su confianza en la disposici\u00f3n de Addis Abeba a albergar la Conferencia de las Naciones Unidas sobre el Cambio Clim\u00e1tico (COP32) en noviembre de 2027, calific\u00e1ndola de &#8220;momento cr\u00edtico&#8221; para avanzar en la acci\u00f3n clim\u00e1tica global y la cooperaci\u00f3n multilateral.<\/p>\n\n\n\n<p>Se\u00f1al\u00f3 que Etiop\u00eda est\u00e1 &#8220;singularmente preparada&#8221; para la tarea, citando su trayectoria en el desarrollo sostenible. Un ejemplo clave, se\u00f1al\u00f3, es la Iniciativa de Legado Verde, descrita como uno de los mayores esfuerzos de reforestaci\u00f3n en el mundo. Etiop\u00eda sembr\u00f3 m\u00e1s de 48 mil millones de pl\u00e1ntulas de \u00e1rboles desde el lanzamiento de la estrategia en 2019.<\/p>\n\n\n\n<p>Destac\u00f3 que la naci\u00f3n africana produce m\u00e1s del 95 % de su electricidad a partir de energ\u00eda renovable, un logro que sobresale en medio de las crisis energ\u00e9ticas mundiales en curso.<\/p>\n\n\n\n<p>Sin embargo, Gatete subray\u00f3 la urgencia de los desaf\u00edos clim\u00e1ticos en toda \u00c1frica y se\u00f1al\u00f3 que el cambio clim\u00e1tico ya afecta la seguridad alimentaria, los recursos h\u00eddricos, los sistemas de salud, la infraestructura y una estabilidad econ\u00f3mica m\u00e1s amplia en el continente.<\/p>\n\n\n\n<p>&#8220;Los temas que estamos discutiendo esta semana son directamente relevantes para la COP32&#8221;, dijo, enfatizando la importancia de alinear los esfuerzos a medida que los pa\u00edses se acercan a la fecha l\u00edmite de 2030 para los Objetivos de Desarrollo Sostenible y avanzan en la Agenda 2063 de la Uni\u00f3n Africana.<\/p>\n\n\n\n<p>Pidi\u00f3 a los participantes del foro aprovechar el liderazgo de Etiop\u00eda como sede del magno evento para construir asociaciones s\u00f3lidas y acelerar la acci\u00f3n significativa sobre el clima y el desarrollo.<\/p>\n\n\n\n<p>La ECA, agreg\u00f3, trabaja estrechamente con el Gobierno et\u00edope y el sistema m\u00e1s amplio de la ONU para garantizar la entrega exitosa de una COP32 de alto impacto.<\/p>\n\n\n\n<p>Concluy\u00f3 que \u00c1frica tiene una oportunidad \u00fanica para ayudar a cerrar la brecha entre la ambici\u00f3n clim\u00e1tica y los resultados del desarrollo en el mundo real.<\/p>\n\n\n\n<p>El foro, organizado por el organismo regional, en colaboraci\u00f3n con la Comisi\u00f3n de la Uni\u00f3n Africana, el Banco Africano de Desarrollo y otros socios de la ONU, sesiona bajo el tema: &#8220;Convertir la marea: acciones transformativas y coordinadas para la Agenda 2030 y la Agenda 2063&#8221;.<br>&#8212; NNN-PRENSA LATINA<\/p>\n","protected":false},"excerpt":{"rendered":"<p>AD\u00cdS ABEBA, 30 abr (NNN-PRENSA LATINA) &#8212; El secretario ejecutivo de la Comisi\u00f3n Econ\u00f3mica para \u00c1frica (ECA), Claver Gatete, elogi\u00f3 el liderazgo de Etiop\u00eda y sus acciones clim\u00e1ticas, destac\u00e1ndolo como un modelo para el desarrollo sostenible africano, en un evento aqu\u00ed el mi\u00e9rcoles. Gatete, al intervenir en la XII Sesi\u00f3n del Foro Regional de \u00c1frica [&hellip;]<\/p>\n","protected":false},"author":2,"featured_media":151251,"comment_status":"closed","ping_status":"closed","sticky":false,"template":"","format":"standard","meta":[],"categories":[217,276,209,211],"tags":[],"_links":{"self":[{"href":"http:\/\/www.namnewsnetwork.org\/es\/index.php?rest_route=\/wp\/v2\/posts\/151199"}],"collection":[{"href":"http:\/\/www.namnewsnetwork.org\/es\/index.php?rest_route=\/wp\/v2\/posts"}],"about":[{"href":"http:\/\/www.namnewsnetwork.org\/es\/index.php?rest_route=\/wp\/v2\/types\/post"}],"author":[{"embeddable":true,"href":"http:\/\/www.namnewsnetwork.org\/es\/index.php?rest_route=\/wp\/v2\/users\/2"}],"replies":[{"embeddable":true,"href":"http:\/\/www.namnewsnetwork.org\/es\/index.php?rest_route=%2Fwp%2Fv2%2Fcomments&post=151199"}],"version-history":[{"count":1,"href":"http:\/\/www.namnewsnetwork.org\/es\/index.php?rest_route=\/wp\/v2\/posts\/151199\/revisions"}],"predecessor-version":[{"id":151224,"href":"http:\/\/www.namnewsnetwork.org\/es\/index.php?rest_route=\/wp\/v2\/posts\/151199\/revisions\/151224"}],"wp:featuredmedia":[{"embeddable":true,"href":"http:\/\/www.namnewsnetwork.org\/es\/index.php?rest_route=\/wp\/v2\/media\/151251"}],"wp:attachment":[{"href":"http:\/\/www.namnewsnetwork.org\/es\/index.php?rest_route=%2Fwp%2Fv2%2Fmedia&parent=151199"}],"wp:term":[{"taxonomy":"category","embeddable":true,"href":"http:\/\/www.namnewsnetwork.org\/es\/index.php?rest_route=%2Fwp%2Fv2%2Fcategories&post=151199"},{"taxonomy":"post_tag","embeddable":true,"href":"http:\/\/www.namnewsnetwork.org\/es\/index.php?rest_route=%2Fwp%2Fv2%2Ftags&post=151199"}],"curies":[{"name":"wp","href":"https:\/\/api.w.org\/{rel}","templated":true}]}}