{"id":151190,"date":"2026-04-30T14:07:34","date_gmt":"2026-04-30T06:07:34","guid":{"rendered":"http:\/\/www.namnewsnetwork.org\/es\/?p=151190"},"modified":"2026-04-30T14:07:45","modified_gmt":"2026-04-30T06:07:45","slug":"hezbola-ataca-vehiculos-y-posiciones-militares-israelies-en-al-bayyada","status":"publish","type":"post","link":"http:\/\/www.namnewsnetwork.org\/es\/?p=151190","title":{"rendered":"Hezbol\u00e1 ataca veh\u00edculos y posiciones militares israel\u00edes en Al-Bayyada"},"content":{"rendered":"\n<p>BEIRUT, 30 abr (NNN-SABA) &#8212; La Resistencia Isl\u00e1mica en el L\u00edbano anunci\u00f3 el mi\u00e9rcoles, que atac\u00f3 y bombarde\u00f3 una concentraci\u00f3n de veh\u00edculos y soldados israel\u00edes en la ciudad de Al-Bayyada.<\/p>\n\n\n\n<p>En su tercer comunicado, revisado por la Agencia de Noticias Yemenita (Saba), la Resistencia declar\u00f3: &#8220;En defensa del L\u00edbano y su pueblo, y en respuesta a la violaci\u00f3n del alto el fuego por parte del enemigo israel\u00ed y a los ataques contra aldeas del sur del L\u00edbano, que causaron m\u00e1rtires y numerosos heridos civiles, los muyahidines de la Resistencia Isl\u00e1mica atacaron una concentraci\u00f3n de veh\u00edculos y soldados israel\u00edes en la ciudad de Al-Bayyada a las 19:00 horas del mi\u00e9rcoles 29 de abril de 2026 con dos misiles de ca\u00edda libre&#8221;. Confirm\u00f3 que sus combatientes hab\u00edan logrado un impacto.<\/p>\n\n\n\n<p>La Resistencia Isl\u00e1mica en el L\u00edbano contin\u00faa sus operaciones en respuesta a la escalada de la agresi\u00f3n israel\u00ed desde el 2 de marzo.<br>&#8212; NNN-SABA<\/p>\n","protected":false},"excerpt":{"rendered":"<p>BEIRUT, 30 abr (NNN-SABA) &#8212; La Resistencia Isl\u00e1mica en el L\u00edbano anunci\u00f3 el mi\u00e9rcoles, que atac\u00f3 y bombarde\u00f3 una concentraci\u00f3n de veh\u00edculos y soldados israel\u00edes en la ciudad de Al-Bayyada. En su tercer comunicado, revisado por la Agencia de Noticias Yemenita (Saba), la Resistencia declar\u00f3: &#8220;En defensa del L\u00edbano y su pueblo, y en respuesta [&hellip;]<\/p>\n","protected":false},"author":2,"featured_media":113588,"comment_status":"closed","ping_status":"closed","sticky":false,"template":"","format":"standard","meta":[],"categories":[211,271,275],"tags":[],"_links":{"self":[{"href":"http:\/\/www.namnewsnetwork.org\/es\/index.php?rest_route=\/wp\/v2\/posts\/151190"}],"collection":[{"href":"http:\/\/www.namnewsnetwork.org\/es\/index.php?rest_route=\/wp\/v2\/posts"}],"about":[{"href":"http:\/\/www.namnewsnetwork.org\/es\/index.php?rest_route=\/wp\/v2\/types\/post"}],"author":[{"embeddable":true,"href":"http:\/\/www.namnewsnetwork.org\/es\/index.php?rest_route=\/wp\/v2\/users\/2"}],"replies":[{"embeddable":true,"href":"http:\/\/www.namnewsnetwork.org\/es\/index.php?rest_route=%2Fwp%2Fv2%2Fcomments&post=151190"}],"version-history":[{"count":1,"href":"http:\/\/www.namnewsnetwork.org\/es\/index.php?rest_route=\/wp\/v2\/posts\/151190\/revisions"}],"predecessor-version":[{"id":151208,"href":"http:\/\/www.namnewsnetwork.org\/es\/index.php?rest_route=\/wp\/v2\/posts\/151190\/revisions\/151208"}],"wp:featuredmedia":[{"embeddable":true,"href":"http:\/\/www.namnewsnetwork.org\/es\/index.php?rest_route=\/wp\/v2\/media\/113588"}],"wp:attachment":[{"href":"http:\/\/www.namnewsnetwork.org\/es\/index.php?rest_route=%2Fwp%2Fv2%2Fmedia&parent=151190"}],"wp:term":[{"taxonomy":"category","embeddable":true,"href":"http:\/\/www.namnewsnetwork.org\/es\/index.php?rest_route=%2Fwp%2Fv2%2Fcategories&post=151190"},{"taxonomy":"post_tag","embeddable":true,"href":"http:\/\/www.namnewsnetwork.org\/es\/index.php?rest_route=%2Fwp%2Fv2%2Ftags&post=151190"}],"curies":[{"name":"wp","href":"https:\/\/api.w.org\/{rel}","templated":true}]}}