{"id":151174,"date":"2026-04-29T15:55:19","date_gmt":"2026-04-29T07:55:19","guid":{"rendered":"http:\/\/www.namnewsnetwork.org\/es\/?p=151174"},"modified":"2026-04-29T15:55:21","modified_gmt":"2026-04-29T07:55:21","slug":"instan-a-malasia-a-reconocer-la-formacion-tecnica-y-profesional-como-via-laboral-principal","status":"publish","type":"post","link":"http:\/\/www.namnewsnetwork.org\/es\/?p=151174","title":{"rendered":"Instan a Malasia a reconocer la formaci\u00f3n t\u00e9cnica y profesional como v\u00eda laboral principal"},"content":{"rendered":"\n<p>KUALA LUMPUR, 29 abr (NNN-BERNAMA) &#8212; En los pa\u00edses desarrollados, la Educaci\u00f3n y Formaci\u00f3n T\u00e9cnica y Profesional (TVET, por sus siglas en ingl\u00e9s) impulsa las econom\u00edas y genera riqueza. Es hora de que Malasia reconozca la TVET no como un plan de respaldo, sino como una elecci\u00f3n profesional principal, digna de ser fortalecida y celebrada.<\/p>\n\n\n\n<div class=\"wp-block-image\"><figure class=\"aligncenter size-large\"><img loading=\"lazy\" width=\"1024\" height=\"640\" src=\"http:\/\/www.namnewsnetwork.org\/es\/wp-content\/uploads\/2026\/04\/It-Is-Time-For-Malaysia-To-Elevate-TVET-As-A-Primary-Career-Path-1024x640.jpg\" alt=\"\" class=\"wp-image-151185\" srcset=\"http:\/\/www.namnewsnetwork.org\/es\/wp-content\/uploads\/2026\/04\/It-Is-Time-For-Malaysia-To-Elevate-TVET-As-A-Primary-Career-Path-1024x640.jpg 1024w, http:\/\/www.namnewsnetwork.org\/es\/wp-content\/uploads\/2026\/04\/It-Is-Time-For-Malaysia-To-Elevate-TVET-As-A-Primary-Career-Path-300x188.jpg 300w, http:\/\/www.namnewsnetwork.org\/es\/wp-content\/uploads\/2026\/04\/It-Is-Time-For-Malaysia-To-Elevate-TVET-As-A-Primary-Career-Path-768x480.jpg 768w, http:\/\/www.namnewsnetwork.org\/es\/wp-content\/uploads\/2026\/04\/It-Is-Time-For-Malaysia-To-Elevate-TVET-As-A-Primary-Career-Path.jpg 1110w\" sizes=\"(max-width: 1024px) 100vw, 1024px\" \/><figcaption><em><sup>(Foto: BERNAMA TV | Astro 502, unifi TV 631, MyTV 121)<\/sup><\/em><\/figcaption><\/figure><\/div>\n\n\n\n<p>El secretario del Congreso de Educaci\u00f3n Bumiputera de 2026, Datuk Dr. Khairul &#8216;Azmi Mohamad, afirm\u00f3 que debe erradicarse la percepci\u00f3n p\u00fablica de la TVET como una opci\u00f3n de segunda categor\u00eda, dado que este campo es ahora capaz de formar talento profesional altamente cualificado.<\/p>\n\n\n\n<p>&#8220;La realidad actual \u2014incluso en las naciones desarrolladas\u2014 demuestra que la TVET es una v\u00eda hacia los altos ingresos y una nueva fuente de riqueza. No estamos hablando de la TVET en el contexto del trabajo manual o actividades similares. Por el contrario, deseamos ver que aquellos que dominan los conocimientos de la TVET alcancen el nivel m\u00e1s alto posible&#8221;, declar\u00f3 durante su participaci\u00f3n como invitado en el programa &#8216;Ruang Bicara&#8217; de Bernama TV, titulado &#8216;El Congreso de Educaci\u00f3n Bumiputera impulsando el futuro&#8217;, emitido hoy.<\/p>\n\n\n\n<p>Khairul &#8216;Azmi se\u00f1al\u00f3 que el Congreso \u2014programado para el 1 de mayo en el Centro de Comercio Mundial de Kuala Lumpur, coincidiendo con el 80.\u00ba aniversario de la UMNO\u2014 tiene como objetivo reevaluar las pol\u00edticas educativas y abordar los desaf\u00edos del futuro.<\/p>\n\n\n\n<p>&#8220;Este Congreso se centra en transformar nuestro panorama educativo. A partir de ah\u00ed, trazaremos el camino a seguir para la comunidad Bumiputera&#8221;, afirm\u00f3.<\/p>\n\n\n\n<p>Asimismo, Khairul &#8216;Azmi indic\u00f3 que el Congreso abordar\u00e1 la cuesti\u00f3n crucial de garantizar que los estudiantes de &#8216;tahfiz&#8217; (estudios cor\u00e1nicos) obtengan cualificaciones acad\u00e9micas nacionales, a fin de evitar que queden marginados del sistema educativo convencional.<\/p>\n\n\n\n<p>&#8220;Lo ideal ser\u00eda que ellos tambi\u00e9n formaran parte de este sistema. Es precisamente en este aspecto donde deseamos impulsarlos, para que su sistema y su plan de estudios puedan ser supervisados y dotados de un valor a\u00f1adido, garantizando al mismo tiempo que obtengan una cualificaci\u00f3n de car\u00e1cter nacional&#8221;, concluy\u00f3.<br>&#8212; NNN-BERNAMA<\/p>\n","protected":false},"excerpt":{"rendered":"<p>KUALA LUMPUR, 29 abr (NNN-BERNAMA) &#8212; En los pa\u00edses desarrollados, la Educaci\u00f3n y Formaci\u00f3n T\u00e9cnica y Profesional (TVET, por sus siglas en ingl\u00e9s) impulsa las econom\u00edas y genera riqueza. Es hora de que Malasia reconozca la TVET no como un plan de respaldo, sino como una elecci\u00f3n profesional principal, digna de ser fortalecida y celebrada. [&hellip;]<\/p>\n","protected":false},"author":2,"featured_media":151185,"comment_status":"closed","ping_status":"closed","sticky":false,"template":"","format":"standard","meta":[],"categories":[208,214,209,211],"tags":[],"_links":{"self":[{"href":"http:\/\/www.namnewsnetwork.org\/es\/index.php?rest_route=\/wp\/v2\/posts\/151174"}],"collection":[{"href":"http:\/\/www.namnewsnetwork.org\/es\/index.php?rest_route=\/wp\/v2\/posts"}],"about":[{"href":"http:\/\/www.namnewsnetwork.org\/es\/index.php?rest_route=\/wp\/v2\/types\/post"}],"author":[{"embeddable":true,"href":"http:\/\/www.namnewsnetwork.org\/es\/index.php?rest_route=\/wp\/v2\/users\/2"}],"replies":[{"embeddable":true,"href":"http:\/\/www.namnewsnetwork.org\/es\/index.php?rest_route=%2Fwp%2Fv2%2Fcomments&post=151174"}],"version-history":[{"count":3,"href":"http:\/\/www.namnewsnetwork.org\/es\/index.php?rest_route=\/wp\/v2\/posts\/151174\/revisions"}],"predecessor-version":[{"id":151186,"href":"http:\/\/www.namnewsnetwork.org\/es\/index.php?rest_route=\/wp\/v2\/posts\/151174\/revisions\/151186"}],"wp:featuredmedia":[{"embeddable":true,"href":"http:\/\/www.namnewsnetwork.org\/es\/index.php?rest_route=\/wp\/v2\/media\/151185"}],"wp:attachment":[{"href":"http:\/\/www.namnewsnetwork.org\/es\/index.php?rest_route=%2Fwp%2Fv2%2Fmedia&parent=151174"}],"wp:term":[{"taxonomy":"category","embeddable":true,"href":"http:\/\/www.namnewsnetwork.org\/es\/index.php?rest_route=%2Fwp%2Fv2%2Fcategories&post=151174"},{"taxonomy":"post_tag","embeddable":true,"href":"http:\/\/www.namnewsnetwork.org\/es\/index.php?rest_route=%2Fwp%2Fv2%2Ftags&post=151174"}],"curies":[{"name":"wp","href":"https:\/\/api.w.org\/{rel}","templated":true}]}}