{"id":151133,"date":"2026-04-29T11:32:32","date_gmt":"2026-04-29T03:32:32","guid":{"rendered":"http:\/\/www.namnewsnetwork.org\/es\/?p=151133"},"modified":"2026-04-29T11:32:36","modified_gmt":"2026-04-29T03:32:36","slug":"bielorrusia-y-zimbabue-fortalecen-vinculos-en-el-foro-empresarial-de-brest","status":"publish","type":"post","link":"http:\/\/www.namnewsnetwork.org\/es\/?p=151133","title":{"rendered":"Bielorrusia y Zimbabue fortalecen v\u00ednculos en el foro empresarial de Brest"},"content":{"rendered":"\n<p>MINSK, 29 abr (NNN-BELTA) &#8212; Entre Bielorrusia y Zimbabue existen s\u00f3lidas relaciones amistosas, formalizadas oficialmente por los l\u00edderes de los dos pa\u00edses. Lo declar\u00f3 el viceministro de Asuntos de la Mujer, Comunidades, Desarrollo de Peque\u00f1as y Medianas Empresas de Zimbabue, Kiven Mutimbanyoka, en el foro internacional de contactos empresariales &#8220;Primera regi\u00f3n: territorio de \u00e9xito&#8221;, que se celebra el 28 y 29 de abril en Brest.<\/p>\n\n\n\n<div class=\"wp-block-image\"><figure class=\"aligncenter size-large\"><img loading=\"lazy\" width=\"1024\" height=\"640\" src=\"http:\/\/www.namnewsnetwork.org\/es\/wp-content\/uploads\/2026\/04\/Belarus-y-Zimbabue-fortalecen-vinculos-en-el-foro-empresarial-de-Brest-1024x640.jpg\" alt=\"\" class=\"wp-image-151139\" srcset=\"http:\/\/www.namnewsnetwork.org\/es\/wp-content\/uploads\/2026\/04\/Belarus-y-Zimbabue-fortalecen-vinculos-en-el-foro-empresarial-de-Brest-1024x640.jpg 1024w, http:\/\/www.namnewsnetwork.org\/es\/wp-content\/uploads\/2026\/04\/Belarus-y-Zimbabue-fortalecen-vinculos-en-el-foro-empresarial-de-Brest-300x188.jpg 300w, http:\/\/www.namnewsnetwork.org\/es\/wp-content\/uploads\/2026\/04\/Belarus-y-Zimbabue-fortalecen-vinculos-en-el-foro-empresarial-de-Brest-768x480.jpg 768w, http:\/\/www.namnewsnetwork.org\/es\/wp-content\/uploads\/2026\/04\/Belarus-y-Zimbabue-fortalecen-vinculos-en-el-foro-empresarial-de-Brest.jpg 1110w\" sizes=\"(max-width: 1024px) 100vw, 1024px\" \/><figcaption><em><sup>Foto: Comit\u00e9 Ejecutivo de la provincia de Brest<\/sup><\/em><\/figcaption><\/figure><\/div>\n\n\n\n<p>El foro de contactos empresariales se ha convertido en una importante plataforma para el intercambio de opiniones y condiciones de hacer negocios durante los pr\u00f3ximos dos d\u00edas. En Brest se han reunido m\u00e1s de 100 participantes de Europa, Asia y \u00c1frica: representantes de ministerios y organismos, directivos de asociaciones empresariales regionales y sectoriales, diplom\u00e1ticos.<\/p>\n\n\n\n<p>Los invitados de Zimbabue muestran un inter\u00e9s especial por el programa de peque\u00f1as y medianas empresas; un programa similar existe tambi\u00e9n en Zimbabue. &#8220;Queremos intercambiar experiencias con la parte bielorrusa. Esto abrir\u00e1 nuevas oportunidades para los negocios de ambos pa\u00edses. Bielorrusia es un socio importante para nosotros&#8221;, se\u00f1al\u00f3 Kiven Mutimbanyoka.<\/p>\n\n\n\n<p>Zimbabue se especializa en la industria minera y la agricultura, donde ya se aplica con \u00e9xito la maquinaria bielorrusa: tractores y cosechadoras. La delegaci\u00f3n tiene la intenci\u00f3n de estudiar posibilidades adicionales de suministro y cooperaci\u00f3n. &#8220;Somos parte de un mismo ecosistema. Lo principal es nuestra gente, y juntos lograremos mejores resultados&#8221;, a\u00f1adi\u00f3.<\/p>\n\n\n\n<p>En el marco del foro est\u00e1 prevista la realizaci\u00f3n de varias presentaciones, el debate de estrategias de cooperaci\u00f3n, la firma de acuerdos y contratos. La provincia de Brest siempre est\u00e1 abierta a la cooperaci\u00f3n, se\u00f1alaron en el Comit\u00e9 Ejecutivo de la provincia de Brest. La provincia de Brest representa el 12 % del PIB del pa\u00eds y casi el 13 % de toda la producci\u00f3n industrial. En 2025, la exportaci\u00f3n super\u00f3 por primera vez los 5 mil millones de d\u00f3lares.<br>&#8212; NNN-BELTA<\/p>\n","protected":false},"excerpt":{"rendered":"<p>MINSK, 29 abr (NNN-BELTA) &#8212; Entre Bielorrusia y Zimbabue existen s\u00f3lidas relaciones amistosas, formalizadas oficialmente por los l\u00edderes de los dos pa\u00edses. Lo declar\u00f3 el viceministro de Asuntos de la Mujer, Comunidades, Desarrollo de Peque\u00f1as y Medianas Empresas de Zimbabue, Kiven Mutimbanyoka, en el foro internacional de contactos empresariales &#8220;Primera regi\u00f3n: territorio de \u00e9xito&#8221;, que [&hellip;]<\/p>\n","protected":false},"author":2,"featured_media":151139,"comment_status":"closed","ping_status":"closed","sticky":false,"template":"","format":"standard","meta":[],"categories":[209,210,278,211],"tags":[],"_links":{"self":[{"href":"http:\/\/www.namnewsnetwork.org\/es\/index.php?rest_route=\/wp\/v2\/posts\/151133"}],"collection":[{"href":"http:\/\/www.namnewsnetwork.org\/es\/index.php?rest_route=\/wp\/v2\/posts"}],"about":[{"href":"http:\/\/www.namnewsnetwork.org\/es\/index.php?rest_route=\/wp\/v2\/types\/post"}],"author":[{"embeddable":true,"href":"http:\/\/www.namnewsnetwork.org\/es\/index.php?rest_route=\/wp\/v2\/users\/2"}],"replies":[{"embeddable":true,"href":"http:\/\/www.namnewsnetwork.org\/es\/index.php?rest_route=%2Fwp%2Fv2%2Fcomments&post=151133"}],"version-history":[{"count":1,"href":"http:\/\/www.namnewsnetwork.org\/es\/index.php?rest_route=\/wp\/v2\/posts\/151133\/revisions"}],"predecessor-version":[{"id":151140,"href":"http:\/\/www.namnewsnetwork.org\/es\/index.php?rest_route=\/wp\/v2\/posts\/151133\/revisions\/151140"}],"wp:featuredmedia":[{"embeddable":true,"href":"http:\/\/www.namnewsnetwork.org\/es\/index.php?rest_route=\/wp\/v2\/media\/151139"}],"wp:attachment":[{"href":"http:\/\/www.namnewsnetwork.org\/es\/index.php?rest_route=%2Fwp%2Fv2%2Fmedia&parent=151133"}],"wp:term":[{"taxonomy":"category","embeddable":true,"href":"http:\/\/www.namnewsnetwork.org\/es\/index.php?rest_route=%2Fwp%2Fv2%2Fcategories&post=151133"},{"taxonomy":"post_tag","embeddable":true,"href":"http:\/\/www.namnewsnetwork.org\/es\/index.php?rest_route=%2Fwp%2Fv2%2Ftags&post=151133"}],"curies":[{"name":"wp","href":"https:\/\/api.w.org\/{rel}","templated":true}]}}