{"id":151053,"date":"2026-04-28T12:37:33","date_gmt":"2026-04-28T04:37:33","guid":{"rendered":"http:\/\/www.namnewsnetwork.org\/es\/?p=151053"},"modified":"2026-04-28T12:45:35","modified_gmt":"2026-04-28T04:45:35","slug":"ministerio-de-defensa-de-colombia-informa-operaciones-contra-grupos-armados-en-el-cauca","status":"publish","type":"post","link":"http:\/\/www.namnewsnetwork.org\/es\/?p=151053","title":{"rendered":"Ministerio de Defensa de Colombia informa operaciones contra grupos armados en el Cauca"},"content":{"rendered":"\n<p>BOGOT\u00c1, 28 abr (NNN-TELESUR) &#8212; El ministro de Defensa de Colombia, Pedro S\u00e1nchez, inform\u00f3 que gracias a un amplio despliegue militar se neutralizaron nuevos intentos de ataques terroristas atribuidos a disidencias de las FARC en el departamento del Cauca, en medio de una escalada de violencia que ha generado alarma en el sur del pa\u00eds.<\/p>\n\n\n\n<div class=\"wp-block-image\"><figure class=\"alignleft size-large is-resized\"><img loading=\"lazy\" src=\"http:\/\/www.namnewsnetwork.org\/es\/wp-content\/uploads\/2026\/04\/Ministerio-de-Defensa-de-Colombia-reporta-neutralizacion-de-ataques-terroristas-en-Cauca-1024x640.jpeg\" alt=\"\" class=\"wp-image-151067\" width=\"430\" height=\"268\" srcset=\"http:\/\/www.namnewsnetwork.org\/es\/wp-content\/uploads\/2026\/04\/Ministerio-de-Defensa-de-Colombia-reporta-neutralizacion-de-ataques-terroristas-en-Cauca-1024x640.jpeg 1024w, http:\/\/www.namnewsnetwork.org\/es\/wp-content\/uploads\/2026\/04\/Ministerio-de-Defensa-de-Colombia-reporta-neutralizacion-de-ataques-terroristas-en-Cauca-300x188.jpeg 300w, http:\/\/www.namnewsnetwork.org\/es\/wp-content\/uploads\/2026\/04\/Ministerio-de-Defensa-de-Colombia-reporta-neutralizacion-de-ataques-terroristas-en-Cauca-768x480.jpeg 768w, http:\/\/www.namnewsnetwork.org\/es\/wp-content\/uploads\/2026\/04\/Ministerio-de-Defensa-de-Colombia-reporta-neutralizacion-de-ataques-terroristas-en-Cauca-556x346.jpeg 556w, http:\/\/www.namnewsnetwork.org\/es\/wp-content\/uploads\/2026\/04\/Ministerio-de-Defensa-de-Colombia-reporta-neutralizacion-de-ataques-terroristas-en-Cauca.jpeg 1110w\" sizes=\"(max-width: 430px) 100vw, 430px\" \/><figcaption><em><sup>Foto: @mindefensa<\/sup><\/em><\/figcaption><\/figure><\/div>\n\n\n\n<p>Seg\u00fan un reciente informe del Ministerio de Defensa, se registraron 31 acciones violentas en el sur: 7 en el Valle del Cauca, 2 en Nari\u00f1o y 22 en el departamento del Cauca. La corresponsal de teleSUR, Tatiana Portella, detall\u00f3 que el ataque m\u00e1s grave ocurri\u00f3 en Cajib\u00edo, donde la explosi\u00f3n de un cilindro bomba impact\u00f3 directamente contra un autob\u00fas y varios veh\u00edculos particulares.<\/p>\n\n\n\n<p>&#8220;20 personas asesinadas y m\u00e1s de 50 heridos&#8221; es el saldo preliminar de la explosi\u00f3n en Cajib\u00edo, precis\u00f3 Portella. De las v\u00edctimas mortales, aproximadamente 15 eran mujeres y cinco hombres, lo que resalta el impacto directo sobre la poblaci\u00f3n civil.<\/p>\n\n\n\n<p>El ministro S\u00e1nchez encabez\u00f3 un consejo de seguridad en Popay\u00e1n para analizar la situaci\u00f3n de seguridad en la regi\u00f3n. Durante esta reuni\u00f3n se atribuy\u00f3 la coordinaci\u00f3n del ataque con explosivos a alias Marlon (Iv\u00e1n Jacob Idrobo Arrendondo, cabecilla de las disidencias de las FARC). Las autoridades anunciaron un plan estrat\u00e9gico para neutralizarlo y ofrecieron una recompensa de hasta 5.000 millones de pesos por su captura.<\/p>\n\n\n\n<p>La violencia ocurre en la antesala de las elecciones presidenciales del 31 de mayo de 2026, en las que se elegir\u00e1 al nuevo jefe de Estado y vicepresidente de Colombia para el periodo 2026-2030.<\/p>\n\n\n\n<p>En las \u00faltimas dos semanas, la revista Raya revel\u00f3 detalles del llamado &#8220;Plan J\u00fapiter&#8221; o &#8220;Proyecto J\u00fapiter&#8221;, descrito como un plan millonario para manipular las elecciones mediante campa\u00f1as medi\u00e1ticas, operaciones digitales y acciones destinadas a infundir temor y zozobra, y deslegitimar candidaturas progresistas. Seg\u00fan los reportes, la estrategia incluir\u00eda financiamiento externo, uso de desinformaci\u00f3n y presi\u00f3n pol\u00edtica.<\/p>\n\n\n\n<p>El presidente Gustavo Petro ha calificado estos hechos como acciones terroristas y ha pedido al ministro de Defensa y a la c\u00fapula militar permanecer en la zona cr\u00edtica mientras se realizan las investigaciones de rigor.<br>&#8212; NNN-TELESUR<\/p>\n","protected":false},"excerpt":{"rendered":"<p>BOGOT\u00c1, 28 abr (NNN-TELESUR) &#8212; El ministro de Defensa de Colombia, Pedro S\u00e1nchez, inform\u00f3 que gracias a un amplio despliegue militar se neutralizaron nuevos intentos de ataques terroristas atribuidos a disidencias de las FARC en el departamento del Cauca, en medio de una escalada de violencia que ha generado alarma en el sur del pa\u00eds. [&hellip;]<\/p>\n","protected":false},"author":2,"featured_media":151067,"comment_status":"closed","ping_status":"closed","sticky":false,"template":"","format":"standard","meta":[],"categories":[215,211,202],"tags":[],"_links":{"self":[{"href":"http:\/\/www.namnewsnetwork.org\/es\/index.php?rest_route=\/wp\/v2\/posts\/151053"}],"collection":[{"href":"http:\/\/www.namnewsnetwork.org\/es\/index.php?rest_route=\/wp\/v2\/posts"}],"about":[{"href":"http:\/\/www.namnewsnetwork.org\/es\/index.php?rest_route=\/wp\/v2\/types\/post"}],"author":[{"embeddable":true,"href":"http:\/\/www.namnewsnetwork.org\/es\/index.php?rest_route=\/wp\/v2\/users\/2"}],"replies":[{"embeddable":true,"href":"http:\/\/www.namnewsnetwork.org\/es\/index.php?rest_route=%2Fwp%2Fv2%2Fcomments&post=151053"}],"version-history":[{"count":2,"href":"http:\/\/www.namnewsnetwork.org\/es\/index.php?rest_route=\/wp\/v2\/posts\/151053\/revisions"}],"predecessor-version":[{"id":151070,"href":"http:\/\/www.namnewsnetwork.org\/es\/index.php?rest_route=\/wp\/v2\/posts\/151053\/revisions\/151070"}],"wp:featuredmedia":[{"embeddable":true,"href":"http:\/\/www.namnewsnetwork.org\/es\/index.php?rest_route=\/wp\/v2\/media\/151067"}],"wp:attachment":[{"href":"http:\/\/www.namnewsnetwork.org\/es\/index.php?rest_route=%2Fwp%2Fv2%2Fmedia&parent=151053"}],"wp:term":[{"taxonomy":"category","embeddable":true,"href":"http:\/\/www.namnewsnetwork.org\/es\/index.php?rest_route=%2Fwp%2Fv2%2Fcategories&post=151053"},{"taxonomy":"post_tag","embeddable":true,"href":"http:\/\/www.namnewsnetwork.org\/es\/index.php?rest_route=%2Fwp%2Fv2%2Ftags&post=151053"}],"curies":[{"name":"wp","href":"https:\/\/api.w.org\/{rel}","templated":true}]}}