{"id":151046,"date":"2026-04-28T12:44:16","date_gmt":"2026-04-28T04:44:16","guid":{"rendered":"http:\/\/www.namnewsnetwork.org\/es\/?p=151046"},"modified":"2026-04-28T12:45:10","modified_gmt":"2026-04-28T04:45:10","slug":"cepal-proyecta-crecimiento-del-65-para-venezuela-en-2026","status":"publish","type":"post","link":"http:\/\/www.namnewsnetwork.org\/es\/?p=151046","title":{"rendered":"CEPAL proyecta crecimiento del 6,5% para Venezuela en 2026"},"content":{"rendered":"\n<p>CARACAS, 28 abr (NNN-AVN) &#8212; La Comisi\u00f3n Econ\u00f3mica para Am\u00e9rica Latina y el Caribe (Cepal) proyecta que las econom\u00edas de Am\u00e9rica Latina y el Caribe crecer\u00e1n un 2,2 % en 2026, entre ellas la de Venezuela con un 6,5 %, tras una expansi\u00f3n de 8,9 % en 2025.<\/p>\n\n\n\n<div class=\"wp-block-image\"><figure class=\"aligncenter size-large\"><img loading=\"lazy\" width=\"1024\" height=\"640\" src=\"http:\/\/www.namnewsnetwork.org\/es\/wp-content\/uploads\/2026\/04\/2026-04-17T003841Z_916172932_RC2G6BA8VK3Y_RTRMADP_3_IMF-VENEZUELA-1024x640.jpg\" alt=\"\" class=\"wp-image-151071\" srcset=\"http:\/\/www.namnewsnetwork.org\/es\/wp-content\/uploads\/2026\/04\/2026-04-17T003841Z_916172932_RC2G6BA8VK3Y_RTRMADP_3_IMF-VENEZUELA-1024x640.jpg 1024w, http:\/\/www.namnewsnetwork.org\/es\/wp-content\/uploads\/2026\/04\/2026-04-17T003841Z_916172932_RC2G6BA8VK3Y_RTRMADP_3_IMF-VENEZUELA-300x188.jpg 300w, http:\/\/www.namnewsnetwork.org\/es\/wp-content\/uploads\/2026\/04\/2026-04-17T003841Z_916172932_RC2G6BA8VK3Y_RTRMADP_3_IMF-VENEZUELA-768x480.jpg 768w, http:\/\/www.namnewsnetwork.org\/es\/wp-content\/uploads\/2026\/04\/2026-04-17T003841Z_916172932_RC2G6BA8VK3Y_RTRMADP_3_IMF-VENEZUELA.jpg 1110w\" sizes=\"(max-width: 1024px) 100vw, 1024px\" \/><figcaption><em><sup>Personas caminan por un mercado en el barrio de bajos ingresos de Petare, en Caracas, Venezuela, el 16 de noviembre de 2024. (Foto de archivo: REUTERS\/Leonardo Fernandez Viloria)<\/sup><\/em><\/figcaption><\/figure><\/div>\n\n\n\n<p>De acuerdo con la Cepal, Venezuela se ubica entre las econom\u00edas de mayor dinamismo relativo, en un contexto internacional m\u00e1s complejo marcado por tensiones geopol\u00edticas, inflaci\u00f3n y condiciones financieras restrictivas.<\/p>\n\n\n\n<p>Adem\u00e1s, la agencia indic\u00f3 que el menor crecimiento ser\u00e1 generalizado en la regi\u00f3n, con 24 de los 33 pa\u00edses mostrando desaceleraci\u00f3n. Asimismo, se\u00f1ala que el desempe\u00f1o regional refleja un patr\u00f3n de bajo crecimiento sostenido, con tasas cercanas al 2,3 % por cuarto a\u00f1o consecutivo.<\/p>\n\n\n\n<p>A nivel subregional, el organismo precis\u00f3 que Am\u00e9rica del Sur crecer\u00e1 un 2,4 %, mientras que la Central un 2,2 %, y el Caribe, 5,6 %, impulsado por econom\u00edas espec\u00edficas; sin embargo, subray\u00f3 que el avance estar\u00e1 limitado por un consumo privado moderado y una inversi\u00f3n a\u00fan contenida.<\/p>\n\n\n\n<p>La entidad de Naciones Unidas recalc\u00f3 que el entorno externo ser\u00e1 determinante, con alza en los precios de energ\u00eda y alimentos, menor dinamismo del comercio mundial y condiciones financieras menos favorables, lo que impactar\u00e1 la actividad econ\u00f3mica regional.<\/p>\n\n\n\n<p>La Cepal puntualiz\u00f3 que persisten riesgos a la baja, como la volatilidad de los mercados, la debilidad de la demanda interna y las restricciones estructurales, por lo que insta a fortalecer la inversi\u00f3n, la productividad y la resiliencia macroecon\u00f3mica en la regi\u00f3n.<br>&#8212; NNN-AVN<\/p>\n","protected":false},"excerpt":{"rendered":"<p>CARACAS, 28 abr (NNN-AVN) &#8212; La Comisi\u00f3n Econ\u00f3mica para Am\u00e9rica Latina y el Caribe (Cepal) proyecta que las econom\u00edas de Am\u00e9rica Latina y el Caribe crecer\u00e1n un 2,2 % en 2026, entre ellas la de Venezuela con un 6,5 %, tras una expansi\u00f3n de 8,9 % en 2025. De acuerdo con la Cepal, Venezuela se [&hellip;]<\/p>\n","protected":false},"author":2,"featured_media":151071,"comment_status":"closed","ping_status":"closed","sticky":false,"template":"","format":"standard","meta":[],"categories":[215,209,211,273],"tags":[],"_links":{"self":[{"href":"http:\/\/www.namnewsnetwork.org\/es\/index.php?rest_route=\/wp\/v2\/posts\/151046"}],"collection":[{"href":"http:\/\/www.namnewsnetwork.org\/es\/index.php?rest_route=\/wp\/v2\/posts"}],"about":[{"href":"http:\/\/www.namnewsnetwork.org\/es\/index.php?rest_route=\/wp\/v2\/types\/post"}],"author":[{"embeddable":true,"href":"http:\/\/www.namnewsnetwork.org\/es\/index.php?rest_route=\/wp\/v2\/users\/2"}],"replies":[{"embeddable":true,"href":"http:\/\/www.namnewsnetwork.org\/es\/index.php?rest_route=%2Fwp%2Fv2%2Fcomments&post=151046"}],"version-history":[{"count":2,"href":"http:\/\/www.namnewsnetwork.org\/es\/index.php?rest_route=\/wp\/v2\/posts\/151046\/revisions"}],"predecessor-version":[{"id":151072,"href":"http:\/\/www.namnewsnetwork.org\/es\/index.php?rest_route=\/wp\/v2\/posts\/151046\/revisions\/151072"}],"wp:featuredmedia":[{"embeddable":true,"href":"http:\/\/www.namnewsnetwork.org\/es\/index.php?rest_route=\/wp\/v2\/media\/151071"}],"wp:attachment":[{"href":"http:\/\/www.namnewsnetwork.org\/es\/index.php?rest_route=%2Fwp%2Fv2%2Fmedia&parent=151046"}],"wp:term":[{"taxonomy":"category","embeddable":true,"href":"http:\/\/www.namnewsnetwork.org\/es\/index.php?rest_route=%2Fwp%2Fv2%2Fcategories&post=151046"},{"taxonomy":"post_tag","embeddable":true,"href":"http:\/\/www.namnewsnetwork.org\/es\/index.php?rest_route=%2Fwp%2Fv2%2Ftags&post=151046"}],"curies":[{"name":"wp","href":"https:\/\/api.w.org\/{rel}","templated":true}]}}