{"id":150974,"date":"2026-04-27T11:10:00","date_gmt":"2026-04-27T03:10:00","guid":{"rendered":"http:\/\/www.namnewsnetwork.org\/es\/?p=150974"},"modified":"2026-04-27T10:29:55","modified_gmt":"2026-04-27T02:29:55","slug":"gobierno-de-mali-impone-toque-de-queda-en-bamako-tras-el-asesinato-del-ministro-de-defensa","status":"publish","type":"post","link":"http:\/\/www.namnewsnetwork.org\/es\/?p=150974","title":{"rendered":"Gobierno de Mal\u00ed impone toque de queda en Bamako tras el asesinato del ministro de Defensa"},"content":{"rendered":"\n<p>BAMAKO, 27 abr (NNN-AVN) &#8212; El Gobierno de transici\u00f3n de Mal\u00ed impone un toque de queda nocturno por tres d\u00edas en la capital, Bamako. La medida proh\u00edbe la movilidad desde las 9:00 p.m. hasta las 6:00 a.m. tras una serie de ofensivas perpetradas por grupos yihadistas e independentistas.<\/p>\n\n\n\n<div class=\"wp-block-image\"><figure class=\"aligncenter size-large\"><img loading=\"lazy\" width=\"1024\" height=\"640\" src=\"http:\/\/www.namnewsnetwork.org\/es\/wp-content\/uploads\/2026\/04\/2026-04-26T185051Z_1764902839_RC2ZWKAO09I6_RTRMADP_3_MALI-SECURITY-1024x640.jpg\" alt=\"\" class=\"wp-image-151011\" srcset=\"http:\/\/www.namnewsnetwork.org\/es\/wp-content\/uploads\/2026\/04\/2026-04-26T185051Z_1764902839_RC2ZWKAO09I6_RTRMADP_3_MALI-SECURITY-1024x640.jpg 1024w, http:\/\/www.namnewsnetwork.org\/es\/wp-content\/uploads\/2026\/04\/2026-04-26T185051Z_1764902839_RC2ZWKAO09I6_RTRMADP_3_MALI-SECURITY-300x188.jpg 300w, http:\/\/www.namnewsnetwork.org\/es\/wp-content\/uploads\/2026\/04\/2026-04-26T185051Z_1764902839_RC2ZWKAO09I6_RTRMADP_3_MALI-SECURITY-768x480.jpg 768w, http:\/\/www.namnewsnetwork.org\/es\/wp-content\/uploads\/2026\/04\/2026-04-26T185051Z_1764902839_RC2ZWKAO09I6_RTRMADP_3_MALI-SECURITY.jpg 1110w\" sizes=\"(max-width: 1024px) 100vw, 1024px\" \/><figcaption><em><sup>Soldados malienses permanecen de pie durante una patrulla tras el ataque a la principal base militar de Mal\u00ed, en Kati \u2014a las afueras de la capital, Bamako\u2014, el 26 de abril de 2026. (Foto: REUTERS\/Stringer)<\/sup><\/em><\/figcaption><\/figure><\/div>\n\n\n\n<p>Durante estos incidentes, el ministro de Defensa, Sadio Camara, muri\u00f3 asesinado en un ataque dirigido contra la ciudad de Kati. El decreto oficial, firmado por el Ministerio de Administraci\u00f3n Local, advierte que la restricci\u00f3n de movilidad es prorrogable si la situaci\u00f3n de seguridad lo requiere.<\/p>\n\n\n\n<p>Fuerzas de seguridad despliegan numerosos puestos de control en las principales v\u00edas de acceso y puntos estrat\u00e9gicos de la capital. Este despliegue busca prevenir nuevos incidentes violentos y garantizar el orden p\u00fablico tras la incursi\u00f3n de grupos armados en diversas regiones del pa\u00eds.<\/p>\n\n\n\n<p>La ofensiva es reivindicada por una alianza entre el Frente de Liberaci\u00f3n del Azawad y el Grupo de Apoyo al Islam y los Musulmanes. Los ataques directos contra cuarteles y sedes civiles provocan el cierre temporal del aeropuerto internacional de Bamako y la suspensi\u00f3n de vuelos.<\/p>\n\n\n\n<p>El Estado Mayor General de las Fuerzas Armadas reporta que los asaltos fueron contenidos gracias a la reacci\u00f3n r\u00e1pida del Ej\u00e9rcito nacional. Las autoridades militares aseguran haber neutralizado a cientos de combatientes enemigos y afirman que la situaci\u00f3n se encuentra actualmente bajo control.<\/p>\n\n\n\n<p>La junta militar, que ejerce el poder desde el a\u00f1o 2020, solicita a la ciudadan\u00eda mantener la calma ante el despliegue operativo. El gobierno de transici\u00f3n mantiene la vigilancia ante la inusual alianza de los grupos secesionistas y extremistas que operan en territorio maliense.<br>&#8212; NNN-AVN<\/p>\n","protected":false},"excerpt":{"rendered":"<p>BAMAKO, 27 abr (NNN-AVN) &#8212; El Gobierno de transici\u00f3n de Mal\u00ed impone un toque de queda nocturno por tres d\u00edas en la capital, Bamako. La medida proh\u00edbe la movilidad desde las 9:00 p.m. hasta las 6:00 a.m. tras una serie de ofensivas perpetradas por grupos yihadistas e independentistas. Durante estos incidentes, el ministro de Defensa, [&hellip;]<\/p>\n","protected":false},"author":2,"featured_media":151011,"comment_status":"closed","ping_status":"closed","sticky":false,"template":"","format":"standard","meta":[],"categories":[217,276,211],"tags":[],"_links":{"self":[{"href":"http:\/\/www.namnewsnetwork.org\/es\/index.php?rest_route=\/wp\/v2\/posts\/150974"}],"collection":[{"href":"http:\/\/www.namnewsnetwork.org\/es\/index.php?rest_route=\/wp\/v2\/posts"}],"about":[{"href":"http:\/\/www.namnewsnetwork.org\/es\/index.php?rest_route=\/wp\/v2\/types\/post"}],"author":[{"embeddable":true,"href":"http:\/\/www.namnewsnetwork.org\/es\/index.php?rest_route=\/wp\/v2\/users\/2"}],"replies":[{"embeddable":true,"href":"http:\/\/www.namnewsnetwork.org\/es\/index.php?rest_route=%2Fwp%2Fv2%2Fcomments&post=150974"}],"version-history":[{"count":4,"href":"http:\/\/www.namnewsnetwork.org\/es\/index.php?rest_route=\/wp\/v2\/posts\/150974\/revisions"}],"predecessor-version":[{"id":151015,"href":"http:\/\/www.namnewsnetwork.org\/es\/index.php?rest_route=\/wp\/v2\/posts\/150974\/revisions\/151015"}],"wp:featuredmedia":[{"embeddable":true,"href":"http:\/\/www.namnewsnetwork.org\/es\/index.php?rest_route=\/wp\/v2\/media\/151011"}],"wp:attachment":[{"href":"http:\/\/www.namnewsnetwork.org\/es\/index.php?rest_route=%2Fwp%2Fv2%2Fmedia&parent=150974"}],"wp:term":[{"taxonomy":"category","embeddable":true,"href":"http:\/\/www.namnewsnetwork.org\/es\/index.php?rest_route=%2Fwp%2Fv2%2Fcategories&post=150974"},{"taxonomy":"post_tag","embeddable":true,"href":"http:\/\/www.namnewsnetwork.org\/es\/index.php?rest_route=%2Fwp%2Fv2%2Ftags&post=150974"}],"curies":[{"name":"wp","href":"https:\/\/api.w.org\/{rel}","templated":true}]}}