{"id":150972,"date":"2026-04-27T10:35:18","date_gmt":"2026-04-27T02:35:18","guid":{"rendered":"http:\/\/www.namnewsnetwork.org\/es\/?p=150972"},"modified":"2026-04-27T10:35:27","modified_gmt":"2026-04-27T02:35:27","slug":"inicia-el-viii-foro-africano-de-ciencia-y-tecnologia-para-impulsar-agendas-de-desarrollo-continental","status":"publish","type":"post","link":"http:\/\/www.namnewsnetwork.org\/es\/?p=150972","title":{"rendered":"Inicia el VIII Foro Africano de Ciencia y Tecnolog\u00eda para impulsar agendas de desarrollo continental"},"content":{"rendered":"\n<p>AD\u00cdS ABEBA, 27 abr (NNN-CUBADEBATE) &#8212; El Octavo Foro Africano de Ciencia, Tecnolog\u00eda e Innovaci\u00f3n comenz\u00f3 sesiones el domingo 26 de abril en la capital de Etiop\u00eda, bajo el lema de Lograr avances hacia el cumplimiento de la Agenda 2030 y la Agenda 2063. El magno evento busca coordinar acciones transformadoras en materia digital para acelerar el cumplimiento de los Objetivos de Desarrollo Sostenible (ODS) en todo el continente.<\/p>\n\n\n\n<div class=\"wp-block-image\"><figure class=\"alignleft size-large is-resized\"><img loading=\"lazy\" src=\"http:\/\/www.namnewsnetwork.org\/es\/wp-content\/uploads\/2026\/04\/Inicia-Octavo-Foro-Africano-de-Ciencia-y-Tecnologia-para-impulsar-Agendas-de-Desarrollo-1024x640.jpg\" alt=\"\" class=\"wp-image-151016\" width=\"373\" height=\"233\" srcset=\"http:\/\/www.namnewsnetwork.org\/es\/wp-content\/uploads\/2026\/04\/Inicia-Octavo-Foro-Africano-de-Ciencia-y-Tecnologia-para-impulsar-Agendas-de-Desarrollo-1024x640.jpg 1024w, http:\/\/www.namnewsnetwork.org\/es\/wp-content\/uploads\/2026\/04\/Inicia-Octavo-Foro-Africano-de-Ciencia-y-Tecnologia-para-impulsar-Agendas-de-Desarrollo-300x188.jpg 300w, http:\/\/www.namnewsnetwork.org\/es\/wp-content\/uploads\/2026\/04\/Inicia-Octavo-Foro-Africano-de-Ciencia-y-Tecnologia-para-impulsar-Agendas-de-Desarrollo-768x480.jpg 768w, http:\/\/www.namnewsnetwork.org\/es\/wp-content\/uploads\/2026\/04\/Inicia-Octavo-Foro-Africano-de-Ciencia-y-Tecnologia-para-impulsar-Agendas-de-Desarrollo-556x346.jpg 556w, http:\/\/www.namnewsnetwork.org\/es\/wp-content\/uploads\/2026\/04\/Inicia-Octavo-Foro-Africano-de-Ciencia-y-Tecnologia-para-impulsar-Agendas-de-Desarrollo.jpg 1110w\" sizes=\"(max-width: 373px) 100vw, 373px\" \/><figcaption><em><sup>Foto: ECA<\/sup><\/em><\/figcaption><\/figure><\/div>\n\n\n\n<p>Durante dos d\u00edas, delegados de Estados miembros de la ONU, la Comisi\u00f3n de la Uni\u00f3n Africana (UA) y el Banco Africano de Desarrollo analizar\u00e1n modelos escalables que ya transforman la realidad africana. Entre los ejemplos destacados figuran el sistema de log\u00edstica m\u00e9dica con drones en Ruanda, la expansi\u00f3n de energ\u00eda solar vinculada al dinero m\u00f3vil en Kenia y los complejos de hidr\u00f3geno verde en Marruecos.<\/p>\n\n\n\n<p>Estas iniciativas demuestran el potencial del continente africano para liderar soluciones soberanas frente a los desaf\u00edos clim\u00e1ticos y energ\u00e9ticos, promoviendo la gesti\u00f3n aut\u00f3noma de los recursos naturales del continente. El Foro tiene como objetivo central realizar un seguimiento regional de los ODS relacionados con agua limpia, energ\u00eda asequible e innovaci\u00f3n industrial.<\/p>\n\n\n\n<p>La administraci\u00f3n del evento dise\u00f1\u00f3 espacios para fomentar alianzas entre universidades africanas y socios estrat\u00e9gicos, facilitando el aprendizaje entre pares y la transferencia tecnol\u00f3gica sin dependencias hegem\u00f3nicas.<\/p>\n\n\n\n<p>Por su parte, el ministro et\u00edope de Innovaci\u00f3n, Belete Molla, destac\u00f3 los avances de su pa\u00eds en inteligencia artificial, movilidad el\u00e9ctrica y el uso pac\u00edfico de la ciencia nuclear en agricultura y salud.<\/p>\n\n\n\n<p>Durante la apertura, la ministra ugandesa Musenero Masanza se\u00f1al\u00f3 que la innovaci\u00f3n debe ser el motor de la transformaci\u00f3n econ\u00f3mica, la industrializaci\u00f3n y la creaci\u00f3n de empleos en \u00c1frica, superando el \u00e1mbito estrictamente acad\u00e9mico. No obstante, advirti\u00f3 sobre la debilidad en la continuidad de las iniciativas debido a la fragmentaci\u00f3n y la falta de seguimiento.<\/p>\n\n\n\n<p>En ese sentido, el secretario ejecutivo de la Comisi\u00f3n Econ\u00f3mica para \u00c1frica (CEPA), Claver Gatete, alert\u00f3 que el margen de demora desapareci\u00f3 para el continente y que el costo de la inacci\u00f3n es cada vez m\u00e1s alto frente a la brecha digital existente.<\/p>\n\n\n\n<p>Gatete deline\u00f3 cinco prioridades estrat\u00e9gicas para el continente: alinear la tecnolog\u00eda con la agenda econ\u00f3mica, invertir en infraestructura p\u00fablica digital, desarrollar habilidades en inteligencia artificial para la juventud, profundizar la coordinaci\u00f3n regional mediante el \u00c1rea de Libre Comercio Continental Africana y asegurar energ\u00eda sostenible.<\/p>\n\n\n\n<p>Subray\u00f3 que la infraestructura digital requiere energ\u00eda confiable y que \u00c1frica debe dejar de ser solo un consumidor para convertirse en un contribuyente de soluciones globales. La consulta regional sobre gobernanza de la IA ser\u00e1 clave para asegurar que estas tecnolog\u00edas reflejen las aspiraciones y realidades de los pueblos africanos.<\/p>\n\n\n\n<p>Se espera que los resultados generen informes t\u00e9cnicos y orientaciones para fortalecer laboratorios de investigaci\u00f3n locales y alianzas empresariales universitarias, consolidando la vocaci\u00f3n social de la ciencia al servicio del desarrollo humano.<\/p>\n\n\n\n<p>La participaci\u00f3n de la sociedad civil, instituciones acad\u00e9micas y comunidades econ\u00f3micas regionales garantiza un enfoque multidisciplinario en la b\u00fasqueda de soluciones para la Agenda 2063 de la UA. Al mostrar tecnolog\u00edas de alto impacto creadas por innovadores africanos, el encuentro reafirma la capacidad del continente para cambiar el rumbo hacia una transformaci\u00f3n social profunda.<\/p>\n\n\n\n<p>El Gobierno de las naciones participantes y los organismos regionales apuestan por este espacio como una plataforma para el intercambio de informaci\u00f3n y financiamiento que asegure un futuro pr\u00f3spero e independiente para \u00c1frica.<br>&#8212; NNN-CUBADEBATE<\/p>\n","protected":false},"excerpt":{"rendered":"<p>AD\u00cdS ABEBA, 27 abr (NNN-CUBADEBATE) &#8212; El Octavo Foro Africano de Ciencia, Tecnolog\u00eda e Innovaci\u00f3n comenz\u00f3 sesiones el domingo 26 de abril en la capital de Etiop\u00eda, bajo el lema de Lograr avances hacia el cumplimiento de la Agenda 2030 y la Agenda 2063. El magno evento busca coordinar acciones transformadoras en materia digital para [&hellip;]<\/p>\n","protected":false},"author":2,"featured_media":151016,"comment_status":"closed","ping_status":"closed","sticky":false,"template":"","format":"standard","meta":[],"categories":[217,276,211],"tags":[],"_links":{"self":[{"href":"http:\/\/www.namnewsnetwork.org\/es\/index.php?rest_route=\/wp\/v2\/posts\/150972"}],"collection":[{"href":"http:\/\/www.namnewsnetwork.org\/es\/index.php?rest_route=\/wp\/v2\/posts"}],"about":[{"href":"http:\/\/www.namnewsnetwork.org\/es\/index.php?rest_route=\/wp\/v2\/types\/post"}],"author":[{"embeddable":true,"href":"http:\/\/www.namnewsnetwork.org\/es\/index.php?rest_route=\/wp\/v2\/users\/2"}],"replies":[{"embeddable":true,"href":"http:\/\/www.namnewsnetwork.org\/es\/index.php?rest_route=%2Fwp%2Fv2%2Fcomments&post=150972"}],"version-history":[{"count":2,"href":"http:\/\/www.namnewsnetwork.org\/es\/index.php?rest_route=\/wp\/v2\/posts\/150972\/revisions"}],"predecessor-version":[{"id":151017,"href":"http:\/\/www.namnewsnetwork.org\/es\/index.php?rest_route=\/wp\/v2\/posts\/150972\/revisions\/151017"}],"wp:featuredmedia":[{"embeddable":true,"href":"http:\/\/www.namnewsnetwork.org\/es\/index.php?rest_route=\/wp\/v2\/media\/151016"}],"wp:attachment":[{"href":"http:\/\/www.namnewsnetwork.org\/es\/index.php?rest_route=%2Fwp%2Fv2%2Fmedia&parent=150972"}],"wp:term":[{"taxonomy":"category","embeddable":true,"href":"http:\/\/www.namnewsnetwork.org\/es\/index.php?rest_route=%2Fwp%2Fv2%2Fcategories&post=150972"},{"taxonomy":"post_tag","embeddable":true,"href":"http:\/\/www.namnewsnetwork.org\/es\/index.php?rest_route=%2Fwp%2Fv2%2Ftags&post=150972"}],"curies":[{"name":"wp","href":"https:\/\/api.w.org\/{rel}","templated":true}]}}