{"id":150969,"date":"2026-04-27T10:17:13","date_gmt":"2026-04-27T02:17:13","guid":{"rendered":"http:\/\/www.namnewsnetwork.org\/es\/?p=150969"},"modified":"2026-04-27T10:17:15","modified_gmt":"2026-04-27T02:17:15","slug":"siete-personas-mueren-en-bombardeos-israelies-en-el-sur-del-libano","status":"publish","type":"post","link":"http:\/\/www.namnewsnetwork.org\/es\/?p=150969","title":{"rendered":"Siete personas mueren en bombardeos israel\u00edes en el sur del L\u00edbano"},"content":{"rendered":"\n<p>BEIRUT, 27 abr (NNN-PRENSA LATINA) &#8212; Al menos siete personas murieron y otras 24 resultaron heridas, entre ellas tres ni\u00f1os, como consecuencia de bombardeos israel\u00edes contra zonas del sur del L\u00edbano, informaron el domingo fuentes oficiales.<\/p>\n\n\n\n<div class=\"wp-block-image\"><figure class=\"aligncenter size-large\"><img loading=\"lazy\" width=\"1024\" height=\"640\" src=\"http:\/\/www.namnewsnetwork.org\/es\/wp-content\/uploads\/2026\/04\/2026-04-26T144737Z_371138535_RC22XKAAQ6N6_RTRMADP_3_IRAN-CRISIS-ISRAEL-LEBANON-1024x640.jpg\" alt=\"\" class=\"wp-image-151007\" srcset=\"http:\/\/www.namnewsnetwork.org\/es\/wp-content\/uploads\/2026\/04\/2026-04-26T144737Z_371138535_RC22XKAAQ6N6_RTRMADP_3_IRAN-CRISIS-ISRAEL-LEBANON-1024x640.jpg 1024w, http:\/\/www.namnewsnetwork.org\/es\/wp-content\/uploads\/2026\/04\/2026-04-26T144737Z_371138535_RC22XKAAQ6N6_RTRMADP_3_IRAN-CRISIS-ISRAEL-LEBANON-300x188.jpg 300w, http:\/\/www.namnewsnetwork.org\/es\/wp-content\/uploads\/2026\/04\/2026-04-26T144737Z_371138535_RC22XKAAQ6N6_RTRMADP_3_IRAN-CRISIS-ISRAEL-LEBANON-768x480.jpg 768w, http:\/\/www.namnewsnetwork.org\/es\/wp-content\/uploads\/2026\/04\/2026-04-26T144737Z_371138535_RC22XKAAQ6N6_RTRMADP_3_IRAN-CRISIS-ISRAEL-LEBANON.jpg 1110w\" sizes=\"(max-width: 1024px) 100vw, 1024px\" \/><figcaption><em><sup>El humo se eleva en el L\u00edbano tras un ataque israel\u00ed, visto desde el lado israel\u00ed de la frontera entre Israel y el L\u00edbano, en el norte de Israel, el 26 de abril de 2026. (Foto: REUTERS\/Shir Torem)<\/sup><\/em><\/figcaption><\/figure><\/div>\n\n\n\n<p>Seg\u00fan el Centro de Operaciones de Emergencia del Ministerio de Salud P\u00fablica, citado por la Agencia Nacional de Noticias libanesa, los ataques a\u00e9reos se registraron en distintas localidades, en medio de continuas violaciones del alto el fuego vigente.<\/p>\n\n\n\n<p>La fuente precis\u00f3 que el saldo de v\u00edctimas se produce en un contexto de persistentes acciones militares, pese a los acuerdos destinados a frenar la escalada en la regi\u00f3n.<\/p>\n\n\n\n<p>El Ministerio de Salud actualiz\u00f3 adem\u00e1s el balance acumulado desde el inicio de la ofensiva israel\u00ed, el pasado 2 de marzo, que asciende a 2.496 muertos y 7.725 heridos.<\/p>\n\n\n\n<p>Los ataques ocurren a pesar de la reciente pr\u00f3rroga por tres semanas del cese de hostilidades entre L\u00edbano e Israel, anunciada por el presidente estadounidense, Donald Trump. Esa extensi\u00f3n se suma al acuerdo inicial alcanzado el 16 de marzo, que establec\u00eda una tregua de 10 d\u00edas, en un intento por contener la violencia en el sur liban\u00e9s.<br>&#8212; NNN-PRENSA LATINA<\/p>\n","protected":false},"excerpt":{"rendered":"<p>BEIRUT, 27 abr (NNN-PRENSA LATINA) &#8212; Al menos siete personas murieron y otras 24 resultaron heridas, entre ellas tres ni\u00f1os, como consecuencia de bombardeos israel\u00edes contra zonas del sur del L\u00edbano, informaron el domingo fuentes oficiales. Seg\u00fan el Centro de Operaciones de Emergencia del Ministerio de Salud P\u00fablica, citado por la Agencia Nacional de Noticias [&hellip;]<\/p>\n","protected":false},"author":2,"featured_media":151007,"comment_status":"closed","ping_status":"closed","sticky":false,"template":"","format":"standard","meta":[],"categories":[211,271,272],"tags":[],"_links":{"self":[{"href":"http:\/\/www.namnewsnetwork.org\/es\/index.php?rest_route=\/wp\/v2\/posts\/150969"}],"collection":[{"href":"http:\/\/www.namnewsnetwork.org\/es\/index.php?rest_route=\/wp\/v2\/posts"}],"about":[{"href":"http:\/\/www.namnewsnetwork.org\/es\/index.php?rest_route=\/wp\/v2\/types\/post"}],"author":[{"embeddable":true,"href":"http:\/\/www.namnewsnetwork.org\/es\/index.php?rest_route=\/wp\/v2\/users\/2"}],"replies":[{"embeddable":true,"href":"http:\/\/www.namnewsnetwork.org\/es\/index.php?rest_route=%2Fwp%2Fv2%2Fcomments&post=150969"}],"version-history":[{"count":2,"href":"http:\/\/www.namnewsnetwork.org\/es\/index.php?rest_route=\/wp\/v2\/posts\/150969\/revisions"}],"predecessor-version":[{"id":151008,"href":"http:\/\/www.namnewsnetwork.org\/es\/index.php?rest_route=\/wp\/v2\/posts\/150969\/revisions\/151008"}],"wp:featuredmedia":[{"embeddable":true,"href":"http:\/\/www.namnewsnetwork.org\/es\/index.php?rest_route=\/wp\/v2\/media\/151007"}],"wp:attachment":[{"href":"http:\/\/www.namnewsnetwork.org\/es\/index.php?rest_route=%2Fwp%2Fv2%2Fmedia&parent=150969"}],"wp:term":[{"taxonomy":"category","embeddable":true,"href":"http:\/\/www.namnewsnetwork.org\/es\/index.php?rest_route=%2Fwp%2Fv2%2Fcategories&post=150969"},{"taxonomy":"post_tag","embeddable":true,"href":"http:\/\/www.namnewsnetwork.org\/es\/index.php?rest_route=%2Fwp%2Fv2%2Ftags&post=150969"}],"curies":[{"name":"wp","href":"https:\/\/api.w.org\/{rel}","templated":true}]}}