{"id":150965,"date":"2026-04-27T11:50:00","date_gmt":"2026-04-27T03:50:00","guid":{"rendered":"http:\/\/www.namnewsnetwork.org\/es\/?p=150965"},"modified":"2026-04-27T10:57:33","modified_gmt":"2026-04-27T02:57:33","slug":"el-balance-de-victimas-en-gaza-asciende-a-72-587-muertos-desde-el-inicio-del-conflicto","status":"publish","type":"post","link":"http:\/\/www.namnewsnetwork.org\/es\/?p=150965","title":{"rendered":"El balance de v\u00edctimas en Gaza asciende a 72.587 muertos desde el inicio del conflicto"},"content":{"rendered":"\n<p>GAZA, 27 abr (NNN-SABA) &#8212; El n\u00famero de m\u00e1rtires por la agresi\u00f3n israel\u00ed en la Franja de Gaza aument\u00f3 el domingo a 72.587 m\u00e1rtires y 172.381 heridos desde el 7 de octubre de 2023.<\/p>\n\n\n\n<div class=\"wp-block-image\"><figure class=\"aligncenter size-large\"><img loading=\"lazy\" width=\"1024\" height=\"640\" src=\"http:\/\/www.namnewsnetwork.org\/es\/wp-content\/uploads\/2026\/04\/2026-04-26T102436Z_494905597_RC2UWKAWBJ94_RTRMADP_3_ISRAEL-PALESTINIANS-GAZA-1024x640.jpg\" alt=\"\" class=\"wp-image-151026\" srcset=\"http:\/\/www.namnewsnetwork.org\/es\/wp-content\/uploads\/2026\/04\/2026-04-26T102436Z_494905597_RC2UWKAWBJ94_RTRMADP_3_ISRAEL-PALESTINIANS-GAZA-1024x640.jpg 1024w, http:\/\/www.namnewsnetwork.org\/es\/wp-content\/uploads\/2026\/04\/2026-04-26T102436Z_494905597_RC2UWKAWBJ94_RTRMADP_3_ISRAEL-PALESTINIANS-GAZA-300x188.jpg 300w, http:\/\/www.namnewsnetwork.org\/es\/wp-content\/uploads\/2026\/04\/2026-04-26T102436Z_494905597_RC2UWKAWBJ94_RTRMADP_3_ISRAEL-PALESTINIANS-GAZA-768x480.jpg 768w, http:\/\/www.namnewsnetwork.org\/es\/wp-content\/uploads\/2026\/04\/2026-04-26T102436Z_494905597_RC2UWKAWBJ94_RTRMADP_3_ISRAEL-PALESTINIANS-GAZA.jpg 1110w\" sizes=\"(max-width: 1024px) 100vw, 1024px\" \/><figcaption><em><sup>Personas transportan los cuerpos de palestinos que murieron por disparos israel\u00edes y bombardeos de tanques, el d\u00eda de su funeral en la ciudad de Gaza, el 26 de abril de 2026. (Foto: REUTERS\/Dawoud Abu Alkas)<\/sup><\/em><\/figcaption><\/figure><\/div>\n\n\n\n<p>El Ministerio de Salud palestino en la Franja de Gaza explic\u00f3 en su informe estad\u00edstico diario sobre el n\u00famero de m\u00e1rtires y heridos como consecuencia de la agresi\u00f3n israel\u00ed en la Franja, revisado por la Agencia de Noticias Yemenita (Saba), que los hospitales recibieron dos nuevos m\u00e1rtires y 11 heridos en las \u00faltimas 24 horas.<\/p>\n\n\n\n<p>El ministerio se\u00f1al\u00f3 que, desde el alto el fuego del 11 de octubre, el n\u00famero total de palestinos muertos por fuego enemigo asciende a 811, con 2.278 heridos y 761 cad\u00e1veres recuperados.<\/p>\n\n\n\n<p>El ministerio recalc\u00f3 que un gran n\u00famero de v\u00edctimas permanecen atrapadas bajo los escombros y en las calles, ya que los equipos de rescate y defensa civil no han podido llegar hasta ellas.<br>&#8212; NNN-SABA<\/p>\n","protected":false},"excerpt":{"rendered":"<p>GAZA, 27 abr (NNN-SABA) &#8212; El n\u00famero de m\u00e1rtires por la agresi\u00f3n israel\u00ed en la Franja de Gaza aument\u00f3 el domingo a 72.587 m\u00e1rtires y 172.381 heridos desde el 7 de octubre de 2023. El Ministerio de Salud palestino en la Franja de Gaza explic\u00f3 en su informe estad\u00edstico diario sobre el n\u00famero de m\u00e1rtires [&hellip;]<\/p>\n","protected":false},"author":2,"featured_media":151026,"comment_status":"closed","ping_status":"closed","sticky":false,"template":"","format":"standard","meta":[],"categories":[211,271,197,202],"tags":[],"_links":{"self":[{"href":"http:\/\/www.namnewsnetwork.org\/es\/index.php?rest_route=\/wp\/v2\/posts\/150965"}],"collection":[{"href":"http:\/\/www.namnewsnetwork.org\/es\/index.php?rest_route=\/wp\/v2\/posts"}],"about":[{"href":"http:\/\/www.namnewsnetwork.org\/es\/index.php?rest_route=\/wp\/v2\/types\/post"}],"author":[{"embeddable":true,"href":"http:\/\/www.namnewsnetwork.org\/es\/index.php?rest_route=\/wp\/v2\/users\/2"}],"replies":[{"embeddable":true,"href":"http:\/\/www.namnewsnetwork.org\/es\/index.php?rest_route=%2Fwp%2Fv2%2Fcomments&post=150965"}],"version-history":[{"count":2,"href":"http:\/\/www.namnewsnetwork.org\/es\/index.php?rest_route=\/wp\/v2\/posts\/150965\/revisions"}],"predecessor-version":[{"id":151027,"href":"http:\/\/www.namnewsnetwork.org\/es\/index.php?rest_route=\/wp\/v2\/posts\/150965\/revisions\/151027"}],"wp:featuredmedia":[{"embeddable":true,"href":"http:\/\/www.namnewsnetwork.org\/es\/index.php?rest_route=\/wp\/v2\/media\/151026"}],"wp:attachment":[{"href":"http:\/\/www.namnewsnetwork.org\/es\/index.php?rest_route=%2Fwp%2Fv2%2Fmedia&parent=150965"}],"wp:term":[{"taxonomy":"category","embeddable":true,"href":"http:\/\/www.namnewsnetwork.org\/es\/index.php?rest_route=%2Fwp%2Fv2%2Fcategories&post=150965"},{"taxonomy":"post_tag","embeddable":true,"href":"http:\/\/www.namnewsnetwork.org\/es\/index.php?rest_route=%2Fwp%2Fv2%2Ftags&post=150965"}],"curies":[{"name":"wp","href":"https:\/\/api.w.org\/{rel}","templated":true}]}}