{"id":150962,"date":"2026-04-27T09:12:37","date_gmt":"2026-04-27T01:12:37","guid":{"rendered":"http:\/\/www.namnewsnetwork.org\/es\/?p=150962"},"modified":"2026-04-27T09:12:46","modified_gmt":"2026-04-27T01:12:46","slug":"inicia-primer-juicio-publico-contra-exfuncionarios-de-alto-nivel-del-anterior-gobierno-en-siria","status":"publish","type":"post","link":"http:\/\/www.namnewsnetwork.org\/es\/?p=150962","title":{"rendered":"Inicia primer juicio p\u00fablico contra exfuncionarios de alto nivel del anterior gobierno en Siria"},"content":{"rendered":"\n<p>DAMASCO, 27 abr (NNN-SANA) &#8212; El primer juicio p\u00fablico contra altos cargos del depuesto r\u00e9gimen en Siria comenz\u00f3 el domingo en el Palacio de Justicia de esta capital, en presencia del Fiscal General de la Rep\u00fablica, el juez Hassan al-Turba.<\/p>\n\n\n\n<div class=\"wp-block-image\"><figure class=\"aligncenter size-large\"><img loading=\"lazy\" width=\"1024\" height=\"640\" src=\"http:\/\/www.namnewsnetwork.org\/es\/wp-content\/uploads\/2026\/04\/Inicia-el-primer-juicio-publico-contra-altos-cargos-del-depuesto-regimen-1024x640.jpg\" alt=\"\" class=\"wp-image-150979\" srcset=\"http:\/\/www.namnewsnetwork.org\/es\/wp-content\/uploads\/2026\/04\/Inicia-el-primer-juicio-publico-contra-altos-cargos-del-depuesto-regimen-1024x640.jpg 1024w, http:\/\/www.namnewsnetwork.org\/es\/wp-content\/uploads\/2026\/04\/Inicia-el-primer-juicio-publico-contra-altos-cargos-del-depuesto-regimen-300x188.jpg 300w, http:\/\/www.namnewsnetwork.org\/es\/wp-content\/uploads\/2026\/04\/Inicia-el-primer-juicio-publico-contra-altos-cargos-del-depuesto-regimen-768x480.jpg 768w, http:\/\/www.namnewsnetwork.org\/es\/wp-content\/uploads\/2026\/04\/Inicia-el-primer-juicio-publico-contra-altos-cargos-del-depuesto-regimen.jpg 1110w\" sizes=\"(max-width: 1024px) 100vw, 1024px\" \/><figcaption><em><sup>Foto: SANA<\/sup><\/em><\/figcaption><\/figure><\/div>\n\n\n\n<p>La hist\u00f3rica sesi\u00f3n, presidida por el juez del Cuarto Tribunal Penal, se inaugur\u00f3 con la comparecencia del acusado Atef Najib, en medio de estrictas medidas de seguridad y un riguroso protocolo judicial.<\/p>\n\n\n\n<p>Najib enfrenta cargos por presuntos cr\u00edmenes contra el pueblo sirio, convirti\u00e9ndose en el primer exfuncionario del anterior r\u00e9gimen en ser llevado ante la justicia en un proceso de car\u00e1cter p\u00fablico.<\/p>\n\n\n\n<p>Al juicio asistieron numerosos familiares de las v\u00edctimas, as\u00ed como abogados, periodistas \u00e1rabes e internacionales, quienes siguieron de cerca el desarrollo de esta causa considerada un paso significativo en la b\u00fasqueda de justicia en el pa\u00eds.<br>&#8212; NNN-SANA<\/p>\n","protected":false},"excerpt":{"rendered":"<p>DAMASCO, 27 abr (NNN-SANA) &#8212; El primer juicio p\u00fablico contra altos cargos del depuesto r\u00e9gimen en Siria comenz\u00f3 el domingo en el Palacio de Justicia de esta capital, en presencia del Fiscal General de la Rep\u00fablica, el juez Hassan al-Turba. La hist\u00f3rica sesi\u00f3n, presidida por el juez del Cuarto Tribunal Penal, se inaugur\u00f3 con la [&hellip;]<\/p>\n","protected":false},"author":2,"featured_media":150979,"comment_status":"closed","ping_status":"closed","sticky":false,"template":"","format":"standard","meta":[],"categories":[211,271,275],"tags":[],"_links":{"self":[{"href":"http:\/\/www.namnewsnetwork.org\/es\/index.php?rest_route=\/wp\/v2\/posts\/150962"}],"collection":[{"href":"http:\/\/www.namnewsnetwork.org\/es\/index.php?rest_route=\/wp\/v2\/posts"}],"about":[{"href":"http:\/\/www.namnewsnetwork.org\/es\/index.php?rest_route=\/wp\/v2\/types\/post"}],"author":[{"embeddable":true,"href":"http:\/\/www.namnewsnetwork.org\/es\/index.php?rest_route=\/wp\/v2\/users\/2"}],"replies":[{"embeddable":true,"href":"http:\/\/www.namnewsnetwork.org\/es\/index.php?rest_route=%2Fwp%2Fv2%2Fcomments&post=150962"}],"version-history":[{"count":2,"href":"http:\/\/www.namnewsnetwork.org\/es\/index.php?rest_route=\/wp\/v2\/posts\/150962\/revisions"}],"predecessor-version":[{"id":150980,"href":"http:\/\/www.namnewsnetwork.org\/es\/index.php?rest_route=\/wp\/v2\/posts\/150962\/revisions\/150980"}],"wp:featuredmedia":[{"embeddable":true,"href":"http:\/\/www.namnewsnetwork.org\/es\/index.php?rest_route=\/wp\/v2\/media\/150979"}],"wp:attachment":[{"href":"http:\/\/www.namnewsnetwork.org\/es\/index.php?rest_route=%2Fwp%2Fv2%2Fmedia&parent=150962"}],"wp:term":[{"taxonomy":"category","embeddable":true,"href":"http:\/\/www.namnewsnetwork.org\/es\/index.php?rest_route=%2Fwp%2Fv2%2Fcategories&post=150962"},{"taxonomy":"post_tag","embeddable":true,"href":"http:\/\/www.namnewsnetwork.org\/es\/index.php?rest_route=%2Fwp%2Fv2%2Ftags&post=150962"}],"curies":[{"name":"wp","href":"https:\/\/api.w.org\/{rel}","templated":true}]}}