{"id":150957,"date":"2026-04-27T09:46:55","date_gmt":"2026-04-27T01:46:55","guid":{"rendered":"http:\/\/www.namnewsnetwork.org\/es\/?p=150957"},"modified":"2026-04-27T09:47:00","modified_gmt":"2026-04-27T01:47:00","slug":"atentado-con-bomba-deja-al-menos-diez-muertos-en-colombia","status":"publish","type":"post","link":"http:\/\/www.namnewsnetwork.org\/es\/?p=150957","title":{"rendered":"Atentado con bomba deja al menos diez muertos en Colombia"},"content":{"rendered":"\n<p>BOGOT\u00c1, 27 abr (NNN-ANDINA) &#8212; Un ataque bomba el s\u00e1bado dej\u00f3 10 muertos y 12 heridos de gravedad en una zona con fuerte presencia guerrillera en Colombia, en medio de una seguidilla de atentados a poco m\u00e1s de un mes de las elecciones presidenciales, inform\u00f3 el cuerpo de bomberos local.<\/p>\n\n\n\n<div class=\"wp-block-image\"><figure class=\"aligncenter size-large\"><img loading=\"lazy\" width=\"1024\" height=\"640\" src=\"http:\/\/www.namnewsnetwork.org\/es\/wp-content\/uploads\/2026\/04\/2026-04-26T145303Z_1087260482_RC20XKA6GOSY_RTRMADP_3_COLOMBIA-VIOLENCE-1024x640.jpg\" alt=\"\" class=\"wp-image-150999\" srcset=\"http:\/\/www.namnewsnetwork.org\/es\/wp-content\/uploads\/2026\/04\/2026-04-26T145303Z_1087260482_RC20XKA6GOSY_RTRMADP_3_COLOMBIA-VIOLENCE-1024x640.jpg 1024w, http:\/\/www.namnewsnetwork.org\/es\/wp-content\/uploads\/2026\/04\/2026-04-26T145303Z_1087260482_RC20XKA6GOSY_RTRMADP_3_COLOMBIA-VIOLENCE-300x188.jpg 300w, http:\/\/www.namnewsnetwork.org\/es\/wp-content\/uploads\/2026\/04\/2026-04-26T145303Z_1087260482_RC20XKA6GOSY_RTRMADP_3_COLOMBIA-VIOLENCE-768x480.jpg 768w, http:\/\/www.namnewsnetwork.org\/es\/wp-content\/uploads\/2026\/04\/2026-04-26T145303Z_1087260482_RC20XKA6GOSY_RTRMADP_3_COLOMBIA-VIOLENCE.jpg 1110w\" sizes=\"(max-width: 1024px) 100vw, 1024px\" \/><figcaption><em><sup>Personas permanecen junto a veh\u00edculos destruidos tras un ataque con explosivos en la Carretera Panamericana, en la zona de El T\u00fanel, en Cajib\u00edo, Colombia, el 26 de abril de 2026. (Foto: REUTERS\/Jair Coll)<\/sup><\/em><\/figcaption><\/figure><\/div>\n\n\n\n<p>La explosi\u00f3n fue en una carretera de la violenta regi\u00f3n del Cauca e impact\u00f3 en m\u00e1s de una decena de veh\u00edculos. Las autoridades atribuyen el atentado a los disidentes de la guerrilla de las FARC, que no se acogieron al acuerdo de paz de 2016 y siembran terror en el pa\u00eds.<\/p>\n\n\n\n<p>&#8220;Hasta ahora hay 10 muertos y 12 heridos de gravedad. Pero se espera que sean muchos m\u00e1s&#8221;, dijo en llamada con la AFP una trabajadora del cuerpo de bomberos de Piendam\u00f3. Una fuente de la polic\u00eda indic\u00f3 que hay personas desaparecidas y que los equipos de rescate intentan localizarlas.<\/p>\n\n\n\n<p>Octavio Guzm\u00e1n, gobernador del Cauca, public\u00f3 en X un video que muestra a las v\u00edctimas en el suelo y veh\u00edculos volcados y destruidos tras el ataque. Otros videos compartidos en redes sociales muestran fuertes da\u00f1os y huecos en la v\u00eda, con testigos que aseguran que el impacto los movi\u00f3 varios metros.<\/p>\n\n\n\n<p>&#8220;Los que atentaron y mataron (\u2026) son terroristas, fascistas y narcotraficantes&#8221;, dijo el presidente Gustavo Petro en X. &#8220;Quiero los mejores soldados para enfrentarlos&#8221;, agreg\u00f3. El izquierdista se\u00f1al\u00f3 como responsable a Iv\u00e1n Mordisco, el criminal m\u00e1s buscado del pa\u00eds al que compara con el bar\u00f3n de la coca\u00edna Pablo Escobar.<\/p>\n\n\n\n<p>Tras su llegada al poder en 2022, Petro intent\u00f3 sin \u00e9xito negociar la paz con las mayores organizaciones armadas, que han fortalecido sus filas en los \u00faltimos a\u00f1os. El viernes un atentado contra una base militar en Cali, la tercera ciudad del pa\u00eds, dej\u00f3 dos heridos e inici\u00f3 una serie de ataques en las regiones del Valle del Cauca y el Cauca. En los dos \u00faltimos d\u00edas se han registrado 26 ataques en esos departamentos, seg\u00fan Hugo L\u00f3pez, comandante de las Fuerzas Militares.<\/p>\n\n\n\n<p>El ministro de Defensa, Pedro S\u00e1nchez, asegur\u00f3 el s\u00e1bado que reforzaron la presencia militar y policial en la zona para hacer frente a los ataques.<\/p>\n\n\n\n<p>La ofensiva aumenta el clima de tensi\u00f3n de cara a las presidenciales del 31 de mayo, en las que la seguridad es uno de los temas centrales tras el magnicidio del precandidato de derecha Miguel Uribe, baleado durante un mitin en junio de 2025. El delf\u00edn pol\u00edtico del izquierdista Petro, el senador Iv\u00e1n Cepeda, es el favorito para las elecciones seguido por los derechistas Abelardo de la Espriella y Paloma Valencia, seg\u00fan las encuestas. Los tres han denunciado amenazas de muerte y cuentan con fuertes esquemas de seguridad.<br>&#8212; NNN-ANDINA<\/p>\n","protected":false},"excerpt":{"rendered":"<p>BOGOT\u00c1, 27 abr (NNN-ANDINA) &#8212; Un ataque bomba el s\u00e1bado dej\u00f3 10 muertos y 12 heridos de gravedad en una zona con fuerte presencia guerrillera en Colombia, en medio de una seguidilla de atentados a poco m\u00e1s de un mes de las elecciones presidenciales, inform\u00f3 el cuerpo de bomberos local. La explosi\u00f3n fue en una [&hellip;]<\/p>\n","protected":false},"author":2,"featured_media":150999,"comment_status":"closed","ping_status":"closed","sticky":false,"template":"","format":"standard","meta":[],"categories":[215,211,202],"tags":[],"_links":{"self":[{"href":"http:\/\/www.namnewsnetwork.org\/es\/index.php?rest_route=\/wp\/v2\/posts\/150957"}],"collection":[{"href":"http:\/\/www.namnewsnetwork.org\/es\/index.php?rest_route=\/wp\/v2\/posts"}],"about":[{"href":"http:\/\/www.namnewsnetwork.org\/es\/index.php?rest_route=\/wp\/v2\/types\/post"}],"author":[{"embeddable":true,"href":"http:\/\/www.namnewsnetwork.org\/es\/index.php?rest_route=\/wp\/v2\/users\/2"}],"replies":[{"embeddable":true,"href":"http:\/\/www.namnewsnetwork.org\/es\/index.php?rest_route=%2Fwp%2Fv2%2Fcomments&post=150957"}],"version-history":[{"count":2,"href":"http:\/\/www.namnewsnetwork.org\/es\/index.php?rest_route=\/wp\/v2\/posts\/150957\/revisions"}],"predecessor-version":[{"id":151000,"href":"http:\/\/www.namnewsnetwork.org\/es\/index.php?rest_route=\/wp\/v2\/posts\/150957\/revisions\/151000"}],"wp:featuredmedia":[{"embeddable":true,"href":"http:\/\/www.namnewsnetwork.org\/es\/index.php?rest_route=\/wp\/v2\/media\/150999"}],"wp:attachment":[{"href":"http:\/\/www.namnewsnetwork.org\/es\/index.php?rest_route=%2Fwp%2Fv2%2Fmedia&parent=150957"}],"wp:term":[{"taxonomy":"category","embeddable":true,"href":"http:\/\/www.namnewsnetwork.org\/es\/index.php?rest_route=%2Fwp%2Fv2%2Fcategories&post=150957"},{"taxonomy":"post_tag","embeddable":true,"href":"http:\/\/www.namnewsnetwork.org\/es\/index.php?rest_route=%2Fwp%2Fv2%2Ftags&post=150957"}],"curies":[{"name":"wp","href":"https:\/\/api.w.org\/{rel}","templated":true}]}}