{"id":150914,"date":"2026-04-26T09:14:06","date_gmt":"2026-04-26T01:14:06","guid":{"rendered":"http:\/\/www.namnewsnetwork.org\/es\/?p=150914"},"modified":"2026-04-26T09:14:10","modified_gmt":"2026-04-26T01:14:10","slug":"angola-registra-leve-disminucion-de-casos-de-malaria-en-2025","status":"publish","type":"post","link":"http:\/\/www.namnewsnetwork.org\/es\/?p=150914","title":{"rendered":"Angola registra leve disminuci\u00f3n de casos de malaria en 2025"},"content":{"rendered":"\n<p>LUANDA, 26 abr (NNN-PRENSA LATINA) &#8212; Angola registr\u00f3 una discreta disminuci\u00f3n de los casos de malaria en 2025 en comparaci\u00f3n con el 2024, al concluir el a\u00f1o con 11 millones 236 mil 521 casos, 47 mil menos que en el periodo anterior.<\/p>\n\n\n\n<div class=\"wp-block-image\"><figure class=\"alignleft size-large is-resized\"><img loading=\"lazy\" src=\"http:\/\/www.namnewsnetwork.org\/es\/wp-content\/uploads\/2026\/04\/malaria-1024x640.jpg\" alt=\"\" class=\"wp-image-150950\" width=\"403\" height=\"251\" srcset=\"http:\/\/www.namnewsnetwork.org\/es\/wp-content\/uploads\/2026\/04\/malaria-1024x640.jpg 1024w, http:\/\/www.namnewsnetwork.org\/es\/wp-content\/uploads\/2026\/04\/malaria-300x188.jpg 300w, http:\/\/www.namnewsnetwork.org\/es\/wp-content\/uploads\/2026\/04\/malaria-768x480.jpg 768w, http:\/\/www.namnewsnetwork.org\/es\/wp-content\/uploads\/2026\/04\/malaria-556x346.jpg 556w, http:\/\/www.namnewsnetwork.org\/es\/wp-content\/uploads\/2026\/04\/malaria.jpg 1110w\" sizes=\"(max-width: 403px) 100vw, 403px\" \/><figcaption><em><sup>Foto: Angop<\/sup><\/em><\/figcaption><\/figure><\/div>\n\n\n\n<p>De acuerdo con datos del Ministerio de Salud divulgados el s\u00e1bado, a prop\u00f3sito del d\u00eda mundial de esa dolencia, el pasado a\u00f1o 11 mil 260 angole\u00f1os murieron debido a esta enfermedad, 200 menos que en el calendario anterior.<\/p>\n\n\n\n<p>La ministra de Salud, S\u00edlvia Lutucuta, dijo a la agencia Angola Press que el pa\u00eds ha mejorado en el diagn\u00f3stico precoz, el tratamiento oportuno y la reducci\u00f3n de la mortalidad asociada a la enfermedad. Sin embargo, insisti\u00f3 la ministra, la malaria sigue siendo la principal causa de muerte en Angola y debe ser manejada de forma integral.<\/p>\n\n\n\n<p>A\u00f1adi\u00f3 que no se trata solo de un problema de salud, sino que es un desaf\u00edo social, pues el enfrentamiento implica mejorar el saneamiento b\u00e1sico, fortalecer el control de vectores y continuar educando a la poblaci\u00f3n.<\/p>\n\n\n\n<p>Sostuvo que el Gobierno se prepara para la introducci\u00f3n de la vacuna contra la malaria, prevista para 2026, considerada un arma eficaz y segura para fortalecer las estrategias de prevenci\u00f3n.<br>&#8212; NNN-PRENSA LATINA<\/p>\n","protected":false},"excerpt":{"rendered":"<p>LUANDA, 26 abr (NNN-PRENSA LATINA) &#8212; Angola registr\u00f3 una discreta disminuci\u00f3n de los casos de malaria en 2025 en comparaci\u00f3n con el 2024, al concluir el a\u00f1o con 11 millones 236 mil 521 casos, 47 mil menos que en el periodo anterior. De acuerdo con datos del Ministerio de Salud divulgados el s\u00e1bado, a prop\u00f3sito [&hellip;]<\/p>\n","protected":false},"author":2,"featured_media":150950,"comment_status":"closed","ping_status":"closed","sticky":false,"template":"","format":"standard","meta":[],"categories":[217,276,211,198],"tags":[],"_links":{"self":[{"href":"http:\/\/www.namnewsnetwork.org\/es\/index.php?rest_route=\/wp\/v2\/posts\/150914"}],"collection":[{"href":"http:\/\/www.namnewsnetwork.org\/es\/index.php?rest_route=\/wp\/v2\/posts"}],"about":[{"href":"http:\/\/www.namnewsnetwork.org\/es\/index.php?rest_route=\/wp\/v2\/types\/post"}],"author":[{"embeddable":true,"href":"http:\/\/www.namnewsnetwork.org\/es\/index.php?rest_route=\/wp\/v2\/users\/2"}],"replies":[{"embeddable":true,"href":"http:\/\/www.namnewsnetwork.org\/es\/index.php?rest_route=%2Fwp%2Fv2%2Fcomments&post=150914"}],"version-history":[{"count":2,"href":"http:\/\/www.namnewsnetwork.org\/es\/index.php?rest_route=\/wp\/v2\/posts\/150914\/revisions"}],"predecessor-version":[{"id":150951,"href":"http:\/\/www.namnewsnetwork.org\/es\/index.php?rest_route=\/wp\/v2\/posts\/150914\/revisions\/150951"}],"wp:featuredmedia":[{"embeddable":true,"href":"http:\/\/www.namnewsnetwork.org\/es\/index.php?rest_route=\/wp\/v2\/media\/150950"}],"wp:attachment":[{"href":"http:\/\/www.namnewsnetwork.org\/es\/index.php?rest_route=%2Fwp%2Fv2%2Fmedia&parent=150914"}],"wp:term":[{"taxonomy":"category","embeddable":true,"href":"http:\/\/www.namnewsnetwork.org\/es\/index.php?rest_route=%2Fwp%2Fv2%2Fcategories&post=150914"},{"taxonomy":"post_tag","embeddable":true,"href":"http:\/\/www.namnewsnetwork.org\/es\/index.php?rest_route=%2Fwp%2Fv2%2Ftags&post=150914"}],"curies":[{"name":"wp","href":"https:\/\/api.w.org\/{rel}","templated":true}]}}