{"id":150913,"date":"2026-04-26T09:06:57","date_gmt":"2026-04-26T01:06:57","guid":{"rendered":"http:\/\/www.namnewsnetwork.org\/es\/?p=150913"},"modified":"2026-04-26T12:19:19","modified_gmt":"2026-04-26T04:19:19","slug":"aliados-de-los-brics-analizan-la-crisis-militar-en-oriente-medio","status":"publish","type":"post","link":"http:\/\/www.namnewsnetwork.org\/es\/?p=150913","title":{"rendered":"Aliados de los BRICS analizan la crisis militar en Oriente Medio"},"content":{"rendered":"\n<p>CARACAS, 26 abr (NNN-AVN) &#8212; El viceministro de Exteriores de Rusia, Gue\u00f3rgui Borisenko, inform\u00f3 sobre el reciente encuentro de representantes especiales del grupo BRICS en Nueva Delhi. La reuni\u00f3n tuvo como eje central el an\u00e1lisis de la situaci\u00f3n regional frente a las acciones militares de Estados Unidos e Israel contra Ir\u00e1n.<\/p>\n\n\n\n<p>Durante las conversaciones, los delegados de las naciones integrantes intercambiaron visiones sobre el actual panorama geopol\u00edtico. Aunque el funcionario ruso reconoci\u00f3 la existencia de ciertos matices en los enfoques, destac\u00f3 la voluntad colectiva de trabajar de forma efectiva en beneficio de sus pueblos.<\/p>\n\n\n\n<p>Rusia atribuy\u00f3 formalmente el deterioro de la estabilidad en la zona a la agresi\u00f3n externa sufrida por el pa\u00eds persa. Seg\u00fan Borisenko, esta postura es compartida por diversos socios del bloque, quienes coinciden en se\u00f1alar la gravedad del conflicto armado y sus repercusiones.<\/p>\n\n\n\n<p>La comunidad internacional enfrenta el desaf\u00edo de encontrar una salida diplom\u00e1tica a la compleja situaci\u00f3n actual. Los pa\u00edses participantes subrayaron la necesidad de sumar esfuerzos conjuntos para detener la escalada de violencia y estabilizar el Norte de \u00c1frica y Oriente Medio.<\/p>\n\n\n\n<p>La cumbre, celebrada bajo la presidencia de la India, cont\u00f3 con la participaci\u00f3n de China, Ir\u00e1n, Etiop\u00eda, Sud\u00e1frica, Egipto, Brasil, Emiratos \u00c1rabes Unidos e Indonesia. Este di\u00e1logo multilateral busca consolidar una posici\u00f3n de los BRICS ante las tensiones globales que afectan a la regi\u00f3n.<br>&#8212; NNN-AVN<\/p>\n","protected":false},"excerpt":{"rendered":"<p>CARACAS, 26 abr (NNN-AVN) &#8212; El viceministro de Exteriores de Rusia, Gue\u00f3rgui Borisenko, inform\u00f3 sobre el reciente encuentro de representantes especiales del grupo BRICS en Nueva Delhi. La reuni\u00f3n tuvo como eje central el an\u00e1lisis de la situaci\u00f3n regional frente a las acciones militares de Estados Unidos e Israel contra Ir\u00e1n. Durante las conversaciones, los [&hellip;]<\/p>\n","protected":false},"author":2,"featured_media":127744,"comment_status":"closed","ping_status":"closed","sticky":false,"template":"","format":"standard","meta":[],"categories":[208,210,272],"tags":[],"_links":{"self":[{"href":"http:\/\/www.namnewsnetwork.org\/es\/index.php?rest_route=\/wp\/v2\/posts\/150913"}],"collection":[{"href":"http:\/\/www.namnewsnetwork.org\/es\/index.php?rest_route=\/wp\/v2\/posts"}],"about":[{"href":"http:\/\/www.namnewsnetwork.org\/es\/index.php?rest_route=\/wp\/v2\/types\/post"}],"author":[{"embeddable":true,"href":"http:\/\/www.namnewsnetwork.org\/es\/index.php?rest_route=\/wp\/v2\/users\/2"}],"replies":[{"embeddable":true,"href":"http:\/\/www.namnewsnetwork.org\/es\/index.php?rest_route=%2Fwp%2Fv2%2Fcomments&post=150913"}],"version-history":[{"count":1,"href":"http:\/\/www.namnewsnetwork.org\/es\/index.php?rest_route=\/wp\/v2\/posts\/150913\/revisions"}],"predecessor-version":[{"id":150926,"href":"http:\/\/www.namnewsnetwork.org\/es\/index.php?rest_route=\/wp\/v2\/posts\/150913\/revisions\/150926"}],"wp:featuredmedia":[{"embeddable":true,"href":"http:\/\/www.namnewsnetwork.org\/es\/index.php?rest_route=\/wp\/v2\/media\/127744"}],"wp:attachment":[{"href":"http:\/\/www.namnewsnetwork.org\/es\/index.php?rest_route=%2Fwp%2Fv2%2Fmedia&parent=150913"}],"wp:term":[{"taxonomy":"category","embeddable":true,"href":"http:\/\/www.namnewsnetwork.org\/es\/index.php?rest_route=%2Fwp%2Fv2%2Fcategories&post=150913"},{"taxonomy":"post_tag","embeddable":true,"href":"http:\/\/www.namnewsnetwork.org\/es\/index.php?rest_route=%2Fwp%2Fv2%2Ftags&post=150913"}],"curies":[{"name":"wp","href":"https:\/\/api.w.org\/{rel}","templated":true}]}}