{"id":150910,"date":"2026-04-26T09:16:00","date_gmt":"2026-04-26T01:16:00","guid":{"rendered":"http:\/\/www.namnewsnetwork.org\/es\/?p=150910"},"modified":"2026-04-26T09:14:47","modified_gmt":"2026-04-26T01:14:47","slug":"mali-enfrenta-intensos-combates-en-la-capital-y-regiones-del-interior","status":"publish","type":"post","link":"http:\/\/www.namnewsnetwork.org\/es\/?p=150910","title":{"rendered":"Mal\u00ed enfrenta intensos combates en la capital y regiones del interior"},"content":{"rendered":"\n<p>BAMAKO, 26 abr (NNN-TELESUR) &#8212; El Ej\u00e9rcito Mayor General de las Fuerzas Armadas de Mal\u00ed confirm\u00f3 el s\u00e1bado que grupos armados calificados como &#8220;terroristas&#8221; lanzaron una ofensiva coordinada contra m\u00faltiples posiciones militares en la capital, Bamako, y en diversas localidades del interior del pa\u00eds.<\/p>\n\n\n\n<div class=\"wp-block-image\"><figure class=\"aligncenter size-large\"><img loading=\"lazy\" width=\"1024\" height=\"640\" src=\"http:\/\/www.namnewsnetwork.org\/es\/wp-content\/uploads\/2026\/04\/2026-04-25T113532Z_749706044_RC26WKAN78NT_RTRMADP_3_MALI-SECURITY-1-1024x640.jpg\" alt=\"\" class=\"wp-image-150948\" srcset=\"http:\/\/www.namnewsnetwork.org\/es\/wp-content\/uploads\/2026\/04\/2026-04-25T113532Z_749706044_RC26WKAN78NT_RTRMADP_3_MALI-SECURITY-1-1024x640.jpg 1024w, http:\/\/www.namnewsnetwork.org\/es\/wp-content\/uploads\/2026\/04\/2026-04-25T113532Z_749706044_RC26WKAN78NT_RTRMADP_3_MALI-SECURITY-1-300x188.jpg 300w, http:\/\/www.namnewsnetwork.org\/es\/wp-content\/uploads\/2026\/04\/2026-04-25T113532Z_749706044_RC26WKAN78NT_RTRMADP_3_MALI-SECURITY-1-768x480.jpg 768w, http:\/\/www.namnewsnetwork.org\/es\/wp-content\/uploads\/2026\/04\/2026-04-25T113532Z_749706044_RC26WKAN78NT_RTRMADP_3_MALI-SECURITY-1.jpg 1110w\" sizes=\"(max-width: 1024px) 100vw, 1024px\" \/><figcaption><em><sup>Un soldado maliense se mantiene en posici\u00f3n con su arma durante un ataque a la principal base militar de Mal\u00ed, Kati, a las afueras de la capital, Bamako, Mal\u00ed, el 25 de abril de 2026. (Foto: REUTERS\/Stringer)<\/sup><\/em><\/figcaption><\/figure><\/div>\n\n\n\n<p>Seg\u00fan el comunicado oficial, los &#8220;grupos armados terroristas&#8221; intentaron atacar varias ciudades del pa\u00eds, pero sufrieron &#8220;reveses inmediatos&#8221; ante la &#8220;respuesta profesional&#8221; del Ej\u00e9rcito, en el contexto de una ofensiva secesionista en el norte del pa\u00eds. Agreg\u00f3 que los asaltantes sufrieron p\u00e9rdidas, aunque sin precisar las ciudades donde se libraron los combates.<\/p>\n\n\n\n<p>Este mismo d\u00eda, el Frente de Liberaci\u00f3n del Azawad (FLA), que reclama esa amplia regi\u00f3n del norte, anunci\u00f3 el inicio de la &#8220;batalla de la liberaci\u00f3n&#8221; y asegur\u00f3 haber tomado el control de la ciudad estrat\u00e9gica de Kidal. Mientras otros grupos armados, supuestamente vinculados a Al Qaeda, atacaron la capital, Bamako, y ciudades cercanas.<\/p>\n\n\n\n<p>La nota del Ej\u00e9rcito maliense del s\u00e1bado a\u00f1ade que las operaciones de rastrillaje contin\u00faan y que la situaci\u00f3n &#8220;est\u00e1 totalmente bajo control&#8221;. Por lo que llaman a la poblaci\u00f3n a mantener la calma y a no difundir v\u00eddeos ni mensajes de propaganda destinados a generar inquietud general.<\/p>\n\n\n\n<p>Desde primeras horas de la ma\u00f1ana, residentes de la capital reportaron fuego sostenido de armas autom\u00e1ticas y armamento pesado. El epicentro de los enfrentamientos en Bamako parece ser el Aeropuerto Internacional Modibo Ke\u00efta, situado a unos 15 kil\u00f3metros del centro, el cual se encuentra adyacente a una base a\u00e9rea estrat\u00e9gica utilizada por la Fuerza A\u00e9rea maliense. Testigos presenciales informaron sobre el despliegue de helic\u00f3pteros militares sobrevolando los barrios cercanos, mientras el Estado Mayor instaba a la poblaci\u00f3n a &#8220;mantener la calma y estar alerta&#8221;.<\/p>\n\n\n\n<p>La actual crisis es un nuevo cap\u00edtulo de un conflicto que se remonta a 2012. Lo que comenz\u00f3 como una rebeli\u00f3n tuareg y yihadista por la autonom\u00eda del norte de Mal\u00ed ha evolucionado en una compleja red de insurgencias que ahora involucra a grupos afiliados al Estado Isl\u00e1mico y Al Qaeda. A pesar de las intervenciones internacionales previas y los acuerdos de paz de 2015, actualmente colapsados, la situaci\u00f3n de seguridad se ha deteriorado dr\u00e1sticamente.<\/p>\n\n\n\n<p>Analistas advierten que esta escalada no es aislada, ya que tanto N\u00edger como Burkina Faso est\u00e1n experimentando cifras r\u00e9cord de ataques, convirtiendo a la regi\u00f3n del Sahel en una de las zonas m\u00e1s inestables del mundo.<br>&#8212; NNN-TELESUR<\/p>\n","protected":false},"excerpt":{"rendered":"<p>BAMAKO, 26 abr (NNN-TELESUR) &#8212; El Ej\u00e9rcito Mayor General de las Fuerzas Armadas de Mal\u00ed confirm\u00f3 el s\u00e1bado que grupos armados calificados como &#8220;terroristas&#8221; lanzaron una ofensiva coordinada contra m\u00faltiples posiciones militares en la capital, Bamako, y en diversas localidades del interior del pa\u00eds. Seg\u00fan el comunicado oficial, los &#8220;grupos armados terroristas&#8221; intentaron atacar varias [&hellip;]<\/p>\n","protected":false},"author":2,"featured_media":150948,"comment_status":"closed","ping_status":"closed","sticky":false,"template":"","format":"standard","meta":[],"categories":[217,211,272],"tags":[],"_links":{"self":[{"href":"http:\/\/www.namnewsnetwork.org\/es\/index.php?rest_route=\/wp\/v2\/posts\/150910"}],"collection":[{"href":"http:\/\/www.namnewsnetwork.org\/es\/index.php?rest_route=\/wp\/v2\/posts"}],"about":[{"href":"http:\/\/www.namnewsnetwork.org\/es\/index.php?rest_route=\/wp\/v2\/types\/post"}],"author":[{"embeddable":true,"href":"http:\/\/www.namnewsnetwork.org\/es\/index.php?rest_route=\/wp\/v2\/users\/2"}],"replies":[{"embeddable":true,"href":"http:\/\/www.namnewsnetwork.org\/es\/index.php?rest_route=%2Fwp%2Fv2%2Fcomments&post=150910"}],"version-history":[{"count":2,"href":"http:\/\/www.namnewsnetwork.org\/es\/index.php?rest_route=\/wp\/v2\/posts\/150910\/revisions"}],"predecessor-version":[{"id":150949,"href":"http:\/\/www.namnewsnetwork.org\/es\/index.php?rest_route=\/wp\/v2\/posts\/150910\/revisions\/150949"}],"wp:featuredmedia":[{"embeddable":true,"href":"http:\/\/www.namnewsnetwork.org\/es\/index.php?rest_route=\/wp\/v2\/media\/150948"}],"wp:attachment":[{"href":"http:\/\/www.namnewsnetwork.org\/es\/index.php?rest_route=%2Fwp%2Fv2%2Fmedia&parent=150910"}],"wp:term":[{"taxonomy":"category","embeddable":true,"href":"http:\/\/www.namnewsnetwork.org\/es\/index.php?rest_route=%2Fwp%2Fv2%2Fcategories&post=150910"},{"taxonomy":"post_tag","embeddable":true,"href":"http:\/\/www.namnewsnetwork.org\/es\/index.php?rest_route=%2Fwp%2Fv2%2Ftags&post=150910"}],"curies":[{"name":"wp","href":"https:\/\/api.w.org\/{rel}","templated":true}]}}