{"id":150847,"date":"2026-04-25T14:00:10","date_gmt":"2026-04-25T06:00:10","guid":{"rendered":"http:\/\/www.namnewsnetwork.org\/es\/?p=150847"},"modified":"2026-04-25T14:00:12","modified_gmt":"2026-04-25T06:00:12","slug":"aerolinea-wingo-proyecta-transportar-a-mas-de-120-000-pasajeros-en-la-ruta-colombia-venezuela","status":"publish","type":"post","link":"http:\/\/www.namnewsnetwork.org\/es\/?p=150847","title":{"rendered":"Aerol\u00ednea Wingo proyecta transportar a m\u00e1s de 120.000 pasajeros en la ruta Colombia-Venezuela"},"content":{"rendered":"\n<p>CARACAS, 25 abr (NNN-AVN) &#8212; La aerol\u00ednea de bajo costo Wingo proyecta movilizar m\u00e1s de 120.000 pasajeros entre Colombia y Venezuela en 2026, lo que representar\u00eda un crecimiento superior al 20 % frente al a\u00f1o anterior, en l\u00ednea con la reactivaci\u00f3n econ\u00f3mica y comercial entre ambos pa\u00edses.<\/p>\n\n\n\n<div class=\"wp-block-image\"><figure class=\"aligncenter size-large\"><img loading=\"lazy\" width=\"1024\" height=\"640\" src=\"http:\/\/www.namnewsnetwork.org\/es\/wp-content\/uploads\/2026\/04\/Wingo-proyecta-movilizar-a-mas-de-120.000-pasajeros-entre-Colombia-y-Venezuela-1024x640.jpg\" alt=\"\" class=\"wp-image-150876\" srcset=\"http:\/\/www.namnewsnetwork.org\/es\/wp-content\/uploads\/2026\/04\/Wingo-proyecta-movilizar-a-mas-de-120.000-pasajeros-entre-Colombia-y-Venezuela-1024x640.jpg 1024w, http:\/\/www.namnewsnetwork.org\/es\/wp-content\/uploads\/2026\/04\/Wingo-proyecta-movilizar-a-mas-de-120.000-pasajeros-entre-Colombia-y-Venezuela-300x188.jpg 300w, http:\/\/www.namnewsnetwork.org\/es\/wp-content\/uploads\/2026\/04\/Wingo-proyecta-movilizar-a-mas-de-120.000-pasajeros-entre-Colombia-y-Venezuela-768x480.jpg 768w, http:\/\/www.namnewsnetwork.org\/es\/wp-content\/uploads\/2026\/04\/Wingo-proyecta-movilizar-a-mas-de-120.000-pasajeros-entre-Colombia-y-Venezuela.jpg 1110w\" sizes=\"(max-width: 1024px) 100vw, 1024px\" \/><figcaption><em><sup>Foto: primeraedicioncol<\/sup><\/em><\/figcaption><\/figure><\/div>\n\n\n\n<p>As\u00ed lo dio a conocer el vicepresidente Comercial y de Planificaci\u00f3n de la compa\u00f1\u00eda, Jorge Jim\u00e9nez, de acuerdo con Banca y Negocios. El ejecutivo explic\u00f3 que este incremento responde a un aumento org\u00e1nico de la demanda, impulsado por el dinamismo del intercambio binacional, el turismo y el flujo migratorio. <\/p>\n\n\n\n<p>&#8220;El crecimiento se est\u00e1 logrando a trav\u00e9s de la ampliaci\u00f3n de nuestra capacidad operativa&#8221;, afirm\u00f3, y detall\u00f3 que la aerol\u00ednea pas\u00f3 de operar cuatro frecuencias semanales desde Bogot\u00e1 a un vuelo diario, adem\u00e1s de retomar en marzo las operaciones desde Medell\u00edn.<\/p>\n\n\n\n<p>Asimismo, agreg\u00f3 que cerca del 70 % de los pasajeros en las rutas hacia Caracas son venezolanos que viajan para visitar a familiares. Como parte de su estrategia de expansi\u00f3n, Wingo eval\u00faa abrir nuevas rutas hacia destinos como Margarita, Valencia y Maracaibo, as\u00ed como fortalecer la conexi\u00f3n entre ciudades secundarias de ambos pa\u00edses, al considerar que existe demanda y condiciones favorables para el crecimiento.<\/p>\n\n\n\n<p>Jim\u00e9nez tambi\u00e9n destac\u00f3 que la empresa mantiene un modelo de bajo costo con tarifas desde 104 d\u00f3lares por trayecto, y asegur\u00f3 que la rentabilidad se sustenta en altos niveles de ocupaci\u00f3n. &#8220;Somos la \u00fanica aerol\u00ednea de bajo costo operando actualmente entre ambos pa\u00edses&#8221;, subray\u00f3.<\/p>\n\n\n\n<p>Por otra parte, el vocero indic\u00f3 que Venezuela se consolida como un mercado estrat\u00e9gico dentro de la red internacional de la aerol\u00ednea, en un contexto de mayor apertura regulatoria que, a su juicio, favorece la expansi\u00f3n de la conectividad a\u00e9rea y el desarrollo del turismo.<br>&#8212; NNN-AVN<\/p>\n","protected":false},"excerpt":{"rendered":"<p>CARACAS, 25 abr (NNN-AVN) &#8212; La aerol\u00ednea de bajo costo Wingo proyecta movilizar m\u00e1s de 120.000 pasajeros entre Colombia y Venezuela en 2026, lo que representar\u00eda un crecimiento superior al 20 % frente al a\u00f1o anterior, en l\u00ednea con la reactivaci\u00f3n econ\u00f3mica y comercial entre ambos pa\u00edses. As\u00ed lo dio a conocer el vicepresidente Comercial [&hellip;]<\/p>\n","protected":false},"author":2,"featured_media":150876,"comment_status":"closed","ping_status":"closed","sticky":false,"template":"","format":"standard","meta":[],"categories":[215,277,211],"tags":[],"_links":{"self":[{"href":"http:\/\/www.namnewsnetwork.org\/es\/index.php?rest_route=\/wp\/v2\/posts\/150847"}],"collection":[{"href":"http:\/\/www.namnewsnetwork.org\/es\/index.php?rest_route=\/wp\/v2\/posts"}],"about":[{"href":"http:\/\/www.namnewsnetwork.org\/es\/index.php?rest_route=\/wp\/v2\/types\/post"}],"author":[{"embeddable":true,"href":"http:\/\/www.namnewsnetwork.org\/es\/index.php?rest_route=\/wp\/v2\/users\/2"}],"replies":[{"embeddable":true,"href":"http:\/\/www.namnewsnetwork.org\/es\/index.php?rest_route=%2Fwp%2Fv2%2Fcomments&post=150847"}],"version-history":[{"count":4,"href":"http:\/\/www.namnewsnetwork.org\/es\/index.php?rest_route=\/wp\/v2\/posts\/150847\/revisions"}],"predecessor-version":[{"id":150879,"href":"http:\/\/www.namnewsnetwork.org\/es\/index.php?rest_route=\/wp\/v2\/posts\/150847\/revisions\/150879"}],"wp:featuredmedia":[{"embeddable":true,"href":"http:\/\/www.namnewsnetwork.org\/es\/index.php?rest_route=\/wp\/v2\/media\/150876"}],"wp:attachment":[{"href":"http:\/\/www.namnewsnetwork.org\/es\/index.php?rest_route=%2Fwp%2Fv2%2Fmedia&parent=150847"}],"wp:term":[{"taxonomy":"category","embeddable":true,"href":"http:\/\/www.namnewsnetwork.org\/es\/index.php?rest_route=%2Fwp%2Fv2%2Fcategories&post=150847"},{"taxonomy":"post_tag","embeddable":true,"href":"http:\/\/www.namnewsnetwork.org\/es\/index.php?rest_route=%2Fwp%2Fv2%2Ftags&post=150847"}],"curies":[{"name":"wp","href":"https:\/\/api.w.org\/{rel}","templated":true}]}}