{"id":150756,"date":"2026-04-24T13:34:00","date_gmt":"2026-04-24T05:34:00","guid":{"rendered":"http:\/\/www.namnewsnetwork.org\/es\/?p=150756"},"modified":"2026-04-24T13:09:50","modified_gmt":"2026-04-24T05:09:50","slug":"libano-rechaza-cualquier-acuerdo-con-israel-sin-la-retirada-total-de-su-territorio","status":"publish","type":"post","link":"http:\/\/www.namnewsnetwork.org\/es\/?p=150756","title":{"rendered":"L\u00edbano rechaza cualquier acuerdo con Israel sin la retirada total de su territorio"},"content":{"rendered":"\n<p>BEIRUT, 24 abr (NNN-PRENSA LATINA) &#8212; El primer ministro del L\u00edbano, Nawaf Salam, reafirm\u00f3 el jueves que su pa\u00eds no aceptar\u00e1 ning\u00fan acuerdo que no contemple la retirada completa de las fuerzas de Israel.<\/p>\n\n\n\n<div class=\"wp-block-image\"><figure class=\"aligncenter size-large\"><img loading=\"lazy\" width=\"1024\" height=\"640\" src=\"http:\/\/www.namnewsnetwork.org\/es\/wp-content\/uploads\/2026\/04\/2026-04-23T172107Z_1029208782_RC2ZUKABIF6C_RTRMADP_3_IRAN-CRISIS-ISRAEL-LEBANON-BORDER-1024x640.jpg\" alt=\"\" class=\"wp-image-150802\" srcset=\"http:\/\/www.namnewsnetwork.org\/es\/wp-content\/uploads\/2026\/04\/2026-04-23T172107Z_1029208782_RC2ZUKABIF6C_RTRMADP_3_IRAN-CRISIS-ISRAEL-LEBANON-BORDER-1024x640.jpg 1024w, http:\/\/www.namnewsnetwork.org\/es\/wp-content\/uploads\/2026\/04\/2026-04-23T172107Z_1029208782_RC2ZUKABIF6C_RTRMADP_3_IRAN-CRISIS-ISRAEL-LEBANON-BORDER-300x188.jpg 300w, http:\/\/www.namnewsnetwork.org\/es\/wp-content\/uploads\/2026\/04\/2026-04-23T172107Z_1029208782_RC2ZUKABIF6C_RTRMADP_3_IRAN-CRISIS-ISRAEL-LEBANON-BORDER-768x480.jpg 768w, http:\/\/www.namnewsnetwork.org\/es\/wp-content\/uploads\/2026\/04\/2026-04-23T172107Z_1029208782_RC2ZUKABIF6C_RTRMADP_3_IRAN-CRISIS-ISRAEL-LEBANON-BORDER.jpg 1110w\" sizes=\"(max-width: 1024px) 100vw, 1024px\" \/><figcaption><em><sup>El humo se eleva desde una aldea en el sur del L\u00edbano, el 23 de abril de 2026. (Foto: REUTERS\/Gil Eliyahu)<\/sup><\/em><\/figcaption><\/figure><\/div>\n\n\n\n<p>Seg\u00fan declaraciones recogidas por la Agencia Nacional de Noticias libanesa (NNA), Salam consider\u00f3 inaceptable cualquier propuesta que incluya la permanencia de una &#8220;zona de amortiguaci\u00f3n&#8221; que impida el retorno de los desplazados a sus localidades.<\/p>\n\n\n\n<p>En entrevista con el diario estadounidense The Washington Post, el jefe de Gobierno inst\u00f3 a Estados Unidos a ejercer presi\u00f3n sobre Israel para que reduzca sus exigencias y ponga fin a su ofensiva en territorio liban\u00e9s.<\/p>\n\n\n\n<p>Salam destac\u00f3 adem\u00e1s que su gobierno ha adoptado medidas para reforzar el control estatal sobre las armas, incluida la confiscaci\u00f3n de armamento y la prohibici\u00f3n de operaciones militares del grupo Hezbol\u00e1. <\/p>\n\n\n\n<p>&#8220;El monopolio de las armas por parte del Estado beneficia al L\u00edbano; ning\u00fan pa\u00eds puede tener dos ej\u00e9rcitos&#8221;, afirm\u00f3, al tiempo que reconoci\u00f3 que el proceso de desarme ser\u00e1 gradual, aunque asegur\u00f3 que existen avances concretos.<\/p>\n\n\n\n<p>El primer ministro solicit\u00f3 tambi\u00e9n apoyo de Washington y de Francia para fortalecer al ej\u00e9rcito liban\u00e9s, afectado por limitaciones financieras en equipamiento y entrenamiento.<\/p>\n\n\n\n<p>Por su parte, el presidente del pa\u00eds, Joseph Aoun, reiter\u00f3 que la posici\u00f3n oficial en futuras negociaciones se basa en no realizar concesiones que comprometan la soberan\u00eda nacional y los intereses del pueblo liban\u00e9s.<br>&#8212; NNN-PRENSA LATINA<\/p>\n","protected":false},"excerpt":{"rendered":"<p>BEIRUT, 24 abr (NNN-PRENSA LATINA) &#8212; El primer ministro del L\u00edbano, Nawaf Salam, reafirm\u00f3 el jueves que su pa\u00eds no aceptar\u00e1 ning\u00fan acuerdo que no contemple la retirada completa de las fuerzas de Israel. Seg\u00fan declaraciones recogidas por la Agencia Nacional de Noticias libanesa (NNA), Salam consider\u00f3 inaceptable cualquier propuesta que incluya la permanencia de [&hellip;]<\/p>\n","protected":false},"author":2,"featured_media":150802,"comment_status":"closed","ping_status":"closed","sticky":false,"template":"","format":"standard","meta":[],"categories":[211,271,202],"tags":[],"_links":{"self":[{"href":"http:\/\/www.namnewsnetwork.org\/es\/index.php?rest_route=\/wp\/v2\/posts\/150756"}],"collection":[{"href":"http:\/\/www.namnewsnetwork.org\/es\/index.php?rest_route=\/wp\/v2\/posts"}],"about":[{"href":"http:\/\/www.namnewsnetwork.org\/es\/index.php?rest_route=\/wp\/v2\/types\/post"}],"author":[{"embeddable":true,"href":"http:\/\/www.namnewsnetwork.org\/es\/index.php?rest_route=\/wp\/v2\/users\/2"}],"replies":[{"embeddable":true,"href":"http:\/\/www.namnewsnetwork.org\/es\/index.php?rest_route=%2Fwp%2Fv2%2Fcomments&post=150756"}],"version-history":[{"count":2,"href":"http:\/\/www.namnewsnetwork.org\/es\/index.php?rest_route=\/wp\/v2\/posts\/150756\/revisions"}],"predecessor-version":[{"id":150803,"href":"http:\/\/www.namnewsnetwork.org\/es\/index.php?rest_route=\/wp\/v2\/posts\/150756\/revisions\/150803"}],"wp:featuredmedia":[{"embeddable":true,"href":"http:\/\/www.namnewsnetwork.org\/es\/index.php?rest_route=\/wp\/v2\/media\/150802"}],"wp:attachment":[{"href":"http:\/\/www.namnewsnetwork.org\/es\/index.php?rest_route=%2Fwp%2Fv2%2Fmedia&parent=150756"}],"wp:term":[{"taxonomy":"category","embeddable":true,"href":"http:\/\/www.namnewsnetwork.org\/es\/index.php?rest_route=%2Fwp%2Fv2%2Fcategories&post=150756"},{"taxonomy":"post_tag","embeddable":true,"href":"http:\/\/www.namnewsnetwork.org\/es\/index.php?rest_route=%2Fwp%2Fv2%2Ftags&post=150756"}],"curies":[{"name":"wp","href":"https:\/\/api.w.org\/{rel}","templated":true}]}}