{"id":150754,"date":"2026-04-24T12:55:21","date_gmt":"2026-04-24T04:55:21","guid":{"rendered":"http:\/\/www.namnewsnetwork.org\/es\/?p=150754"},"modified":"2026-04-24T12:55:23","modified_gmt":"2026-04-24T04:55:23","slug":"ley-de-amnistia-otorga-libertad-a-mas-de-8-600-personas-en-venezuela","status":"publish","type":"post","link":"http:\/\/www.namnewsnetwork.org\/es\/?p=150754","title":{"rendered":"Ley de Amnist\u00eda otorga libertad a m\u00e1s de 8.600 personas en Venezuela"},"content":{"rendered":"\n<p>CARACAS, 24 abr (NNN-TELESUR) &#8212; A dos meses de la promulgaci\u00f3n de la Ley de Amnist\u00eda y la Convivencia Democr\u00e1tica, 8.616 privados de libertad han sido excarcelados, inform\u00f3 Jorge Arreaza, presidente de la Comisi\u00f3n Especial encargada de su implementaci\u00f3n.<\/p>\n\n\n\n<div class=\"wp-block-image\"><figure class=\"aligncenter size-large\"><img loading=\"lazy\" width=\"1024\" height=\"640\" src=\"http:\/\/www.namnewsnetwork.org\/es\/wp-content\/uploads\/2026\/04\/2026-04-13T214636Z_1252633682_RC2LOKA8E8ZI_RTRMADP_3_VENEZUELA-ANNIVERSARY-MARCH-1024x640.jpg\" alt=\"\" class=\"wp-image-150794\" srcset=\"http:\/\/www.namnewsnetwork.org\/es\/wp-content\/uploads\/2026\/04\/2026-04-13T214636Z_1252633682_RC2LOKA8E8ZI_RTRMADP_3_VENEZUELA-ANNIVERSARY-MARCH-1024x640.jpg 1024w, http:\/\/www.namnewsnetwork.org\/es\/wp-content\/uploads\/2026\/04\/2026-04-13T214636Z_1252633682_RC2LOKA8E8ZI_RTRMADP_3_VENEZUELA-ANNIVERSARY-MARCH-300x188.jpg 300w, http:\/\/www.namnewsnetwork.org\/es\/wp-content\/uploads\/2026\/04\/2026-04-13T214636Z_1252633682_RC2LOKA8E8ZI_RTRMADP_3_VENEZUELA-ANNIVERSARY-MARCH-768x480.jpg 768w, http:\/\/www.namnewsnetwork.org\/es\/wp-content\/uploads\/2026\/04\/2026-04-13T214636Z_1252633682_RC2LOKA8E8ZI_RTRMADP_3_VENEZUELA-ANNIVERSARY-MARCH.jpg 1110w\" sizes=\"(max-width: 1024px) 100vw, 1024px\" \/><figcaption><em><sup>La presidenta interina de Venezuela, Delcy Rodr\u00edguez. (Foto: REUTERS\/Gaby Oraa)<\/sup><\/em><\/figcaption><\/figure><\/div>\n\n\n\n<p>A trav\u00e9s de su cuenta de X, el parlamentario precis\u00f3 que de este total, 314 ciudadanos son de centros de reclusi\u00f3n, mientras que 8.302 personas que manten\u00edan medidas cautelares o reg\u00edmenes de presentaci\u00f3n recibieron el sobreseimiento de sus causas, como parte de una gesti\u00f3n que ya procesa 12.187 solicitudes v\u00e1lidas. &#8220;Seguimos recibiendo solicitudes de venezolanos que viven dentro y fuera del pa\u00eds, para aportar a la paz&#8221;, indic\u00f3 Arreaza en la publicaci\u00f3n.<\/p>\n\n\n\n<p>La legislaci\u00f3n, propuesta por la presidenta encargada Delcy Rodr\u00edguez y promulgada el 20 de febrero, contempla 13 hechos pol\u00edticos espec\u00edficos que ser\u00e1n objeto de la amnist\u00eda, entre ellos, se incluyen los eventos relacionados con el golpe de Estado del 11 y 12 de abril de 2002, as\u00ed como los asaltos y ataques contra instalaciones p\u00fablicas y privadas ocurridos en ese per\u00edodo.<\/p>\n\n\n\n<p>Un aspecto central de esta ley es la reintegraci\u00f3n social y p\u00fablica de los beneficiarios. La normativa garantiza que los individuos amnistiados puedan retomar plenamente su vida en la sociedad y en el \u00e1mbito p\u00fablico, fomentando la convivencia democr\u00e1tica.<\/p>\n\n\n\n<p>Este instrumento legal representa un esfuerzo legislativo significativo para abordar la reconciliaci\u00f3n y la convivencia democr\u00e1tica en Venezuela, al establecer un marco jur\u00eddico para la resoluci\u00f3n de situaciones generadas por conflictos pol\u00edticos pasados y presentes.<br>&#8212; NNN-TELESUR<\/p>\n","protected":false},"excerpt":{"rendered":"<p>CARACAS, 24 abr (NNN-TELESUR) &#8212; A dos meses de la promulgaci\u00f3n de la Ley de Amnist\u00eda y la Convivencia Democr\u00e1tica, 8.616 privados de libertad han sido excarcelados, inform\u00f3 Jorge Arreaza, presidente de la Comisi\u00f3n Especial encargada de su implementaci\u00f3n. A trav\u00e9s de su cuenta de X, el parlamentario precis\u00f3 que de este total, 314 ciudadanos [&hellip;]<\/p>\n","protected":false},"author":2,"featured_media":150794,"comment_status":"closed","ping_status":"closed","sticky":false,"template":"","format":"standard","meta":[],"categories":[215,211,272],"tags":[],"_links":{"self":[{"href":"http:\/\/www.namnewsnetwork.org\/es\/index.php?rest_route=\/wp\/v2\/posts\/150754"}],"collection":[{"href":"http:\/\/www.namnewsnetwork.org\/es\/index.php?rest_route=\/wp\/v2\/posts"}],"about":[{"href":"http:\/\/www.namnewsnetwork.org\/es\/index.php?rest_route=\/wp\/v2\/types\/post"}],"author":[{"embeddable":true,"href":"http:\/\/www.namnewsnetwork.org\/es\/index.php?rest_route=\/wp\/v2\/users\/2"}],"replies":[{"embeddable":true,"href":"http:\/\/www.namnewsnetwork.org\/es\/index.php?rest_route=%2Fwp%2Fv2%2Fcomments&post=150754"}],"version-history":[{"count":2,"href":"http:\/\/www.namnewsnetwork.org\/es\/index.php?rest_route=\/wp\/v2\/posts\/150754\/revisions"}],"predecessor-version":[{"id":150797,"href":"http:\/\/www.namnewsnetwork.org\/es\/index.php?rest_route=\/wp\/v2\/posts\/150754\/revisions\/150797"}],"wp:featuredmedia":[{"embeddable":true,"href":"http:\/\/www.namnewsnetwork.org\/es\/index.php?rest_route=\/wp\/v2\/media\/150794"}],"wp:attachment":[{"href":"http:\/\/www.namnewsnetwork.org\/es\/index.php?rest_route=%2Fwp%2Fv2%2Fmedia&parent=150754"}],"wp:term":[{"taxonomy":"category","embeddable":true,"href":"http:\/\/www.namnewsnetwork.org\/es\/index.php?rest_route=%2Fwp%2Fv2%2Fcategories&post=150754"},{"taxonomy":"post_tag","embeddable":true,"href":"http:\/\/www.namnewsnetwork.org\/es\/index.php?rest_route=%2Fwp%2Fv2%2Ftags&post=150754"}],"curies":[{"name":"wp","href":"https:\/\/api.w.org\/{rel}","templated":true}]}}