{"id":150753,"date":"2026-04-24T12:16:38","date_gmt":"2026-04-24T04:16:38","guid":{"rendered":"http:\/\/www.namnewsnetwork.org\/es\/?p=150753"},"modified":"2026-04-24T12:16:41","modified_gmt":"2026-04-24T04:16:41","slug":"flotilla-global-sumud-incorpora-decenas-de-embarcaciones-en-italia-y-se-prepara-para-zarpar-hacia-gaza","status":"publish","type":"post","link":"http:\/\/www.namnewsnetwork.org\/es\/?p=150753","title":{"rendered":"Flotilla Global Sumud incorpora decenas de embarcaciones en Italia y se prepara para zarpar hacia Gaza"},"content":{"rendered":"\n<p>BRUSELAS, 24 abr (NNN-TELESUR) &#8212; La llamada Flotilla Global Sumud aument\u00f3 su capacidad en un 50 % tras sumar decenas de nuevas embarcaciones en Italia y se prepara para emprender una nueva traves\u00eda hacia Gaza, despu\u00e9s de que en octubre de 2025 la ocupaci\u00f3n israel\u00ed asalt\u00f3 su anterior convoy solidario en alta mar, secuestr\u00f3 a sus tripulantes, los encarcel\u00f3 e incaut\u00f3 los productos esenciales que llevaban a los civiles gazat\u00edes.<\/p>\n\n\n\n<div class=\"wp-block-image\"><figure class=\"alignleft size-large is-resized\"><img loading=\"lazy\" src=\"http:\/\/www.namnewsnetwork.org\/es\/wp-content\/uploads\/2025\/09\/2025-09-26T195735Z_987573509_RC2VZGASQR0Y_RTRMADP_3_ISRAEL-PALESTINIANS-SUMUD-FLOTILLA-1024x640.jpg\" alt=\"\" class=\"wp-image-134976\" width=\"490\" height=\"305\" srcset=\"http:\/\/www.namnewsnetwork.org\/es\/wp-content\/uploads\/2025\/09\/2025-09-26T195735Z_987573509_RC2VZGASQR0Y_RTRMADP_3_ISRAEL-PALESTINIANS-SUMUD-FLOTILLA-1024x640.jpg 1024w, http:\/\/www.namnewsnetwork.org\/es\/wp-content\/uploads\/2025\/09\/2025-09-26T195735Z_987573509_RC2VZGASQR0Y_RTRMADP_3_ISRAEL-PALESTINIANS-SUMUD-FLOTILLA-300x188.jpg 300w, http:\/\/www.namnewsnetwork.org\/es\/wp-content\/uploads\/2025\/09\/2025-09-26T195735Z_987573509_RC2VZGASQR0Y_RTRMADP_3_ISRAEL-PALESTINIANS-SUMUD-FLOTILLA-768x480.jpg 768w, http:\/\/www.namnewsnetwork.org\/es\/wp-content\/uploads\/2025\/09\/2025-09-26T195735Z_987573509_RC2VZGASQR0Y_RTRMADP_3_ISRAEL-PALESTINIANS-SUMUD-FLOTILLA-556x346.jpg 556w, http:\/\/www.namnewsnetwork.org\/es\/wp-content\/uploads\/2025\/09\/2025-09-26T195735Z_987573509_RC2VZGASQR0Y_RTRMADP_3_ISRAEL-PALESTINIANS-SUMUD-FLOTILLA.jpg 1110w\" sizes=\"(max-width: 490px) 100vw, 490px\" \/><figcaption><em><sup>(Foto: REUTERS\/Stefanos Rapanis)<\/sup><\/em><\/figcaption><\/figure><\/div>\n\n\n\n<p>En esta ocasi\u00f3n, cerca de un centenar de barcos y alrededor de 1.000 activistas formar\u00e1n parte de la expedici\u00f3n, cuyo prop\u00f3sito es hacer llegar asistencia humanitaria al enclave palestino y romper el bloqueo israel\u00ed. Los organizadores advierten de que esta misi\u00f3n entra\u00f1a mayores riesgos que la anterior debido a la escalada de tensiones en Oriente Medio.<\/p>\n\n\n\n<p>Est\u00e1 previsto que las \u00faltimas embarcaciones partan el s\u00e1bado desde Augusta, sum\u00e1ndose a otras que zarpar\u00e1n desde Barcelona y Marsella. Asimismo, se espera que m\u00e1s barcos se integren en la operaci\u00f3n desde Grecia y Turqu\u00eda. En d\u00edas recientes, parte de la flotilla logr\u00f3 desviar un carguero que transportaba insumos destinados a la industria militar israel\u00ed.<\/p>\n\n\n\n<p>Promovida por una red internacional de estudiantes, sindicatos, trabajadores humanitarios y colectivos propalestinos, la iniciativa aspira a convertirse en la mayor misi\u00f3n mar\u00edtima civil en apoyo a Palestina hasta la fecha, casi duplicando la anterior.<\/p>\n\n\n\n<p>El precedente m\u00e1s reciente tuvo lugar en octubre pasado, cuando una flotilla de alrededor de 50 embarcaciones fue interceptada en aguas internacionales al norte de Egipto. La marina israel\u00ed abord\u00f3 los barcos, detuvo a activistas, periodistas y figuras p\u00fablicas \u2014entre ellas la activista clim\u00e1tica Greta Thunberg\u2014 y confisc\u00f3 las naves. Las detenciones provocaron protestas en varias ciudades europeas y los retenidos fueron liberados de prisi\u00f3n y regresaron a sus pa\u00edses.<\/p>\n\n\n\n<p>Por su parte, el Gobierno israel\u00ed ha defendido de forma irracional un supuesto derecho a mantener un bloqueo naval durante el conflicto con Ham\u00e1s y califica a la flotilla como una acci\u00f3n pol\u00edtica provocadora.<\/p>\n\n\n\n<p>De cara a esta nueva misi\u00f3n, los propios participantes reconocen el riesgo de que vuelva a ser interceptada. Navid Lari, activista belga implicado en la iniciativa, expres\u00f3 ser consciente de la situaci\u00f3n a la que se enfrentan. No obstante, sostiene que el sistema de control israel\u00ed no es invulnerable y recuerda las dificultades que tuvo en la operaci\u00f3n anterior.<\/p>\n\n\n\n<p>El movimiento celebr\u00f3 el mi\u00e9rcoles un encuentro en Bruselas con la participaci\u00f3n de eurodiputados, representantes pol\u00edticos y figuras internacionales como Francesca Albanese, relatora especial de la ONU sobre derechos humanos en los territorios palestinos ocupados. De este foro surgi\u00f3 la llamada &#8220;Declaraci\u00f3n de Bruselas&#8221;, que reclama la creaci\u00f3n de un corredor mar\u00edtimo humanitario hacia Gaza bajo supervisi\u00f3n de Naciones Unidas y conforme al derecho internacional.<br>&#8212; NNN-TELESUR<\/p>\n","protected":false},"excerpt":{"rendered":"<p>BRUSELAS, 24 abr (NNN-TELESUR) &#8212; La llamada Flotilla Global Sumud aument\u00f3 su capacidad en un 50 % tras sumar decenas de nuevas embarcaciones en Italia y se prepara para emprender una nueva traves\u00eda hacia Gaza, despu\u00e9s de que en octubre de 2025 la ocupaci\u00f3n israel\u00ed asalt\u00f3 su anterior convoy solidario en alta mar, secuestr\u00f3 a [&hellip;]<\/p>\n","protected":false},"author":2,"featured_media":134976,"comment_status":"closed","ping_status":"closed","sticky":false,"template":"","format":"standard","meta":[],"categories":[211,271,197,273],"tags":[],"_links":{"self":[{"href":"http:\/\/www.namnewsnetwork.org\/es\/index.php?rest_route=\/wp\/v2\/posts\/150753"}],"collection":[{"href":"http:\/\/www.namnewsnetwork.org\/es\/index.php?rest_route=\/wp\/v2\/posts"}],"about":[{"href":"http:\/\/www.namnewsnetwork.org\/es\/index.php?rest_route=\/wp\/v2\/types\/post"}],"author":[{"embeddable":true,"href":"http:\/\/www.namnewsnetwork.org\/es\/index.php?rest_route=\/wp\/v2\/users\/2"}],"replies":[{"embeddable":true,"href":"http:\/\/www.namnewsnetwork.org\/es\/index.php?rest_route=%2Fwp%2Fv2%2Fcomments&post=150753"}],"version-history":[{"count":2,"href":"http:\/\/www.namnewsnetwork.org\/es\/index.php?rest_route=\/wp\/v2\/posts\/150753\/revisions"}],"predecessor-version":[{"id":150789,"href":"http:\/\/www.namnewsnetwork.org\/es\/index.php?rest_route=\/wp\/v2\/posts\/150753\/revisions\/150789"}],"wp:featuredmedia":[{"embeddable":true,"href":"http:\/\/www.namnewsnetwork.org\/es\/index.php?rest_route=\/wp\/v2\/media\/134976"}],"wp:attachment":[{"href":"http:\/\/www.namnewsnetwork.org\/es\/index.php?rest_route=%2Fwp%2Fv2%2Fmedia&parent=150753"}],"wp:term":[{"taxonomy":"category","embeddable":true,"href":"http:\/\/www.namnewsnetwork.org\/es\/index.php?rest_route=%2Fwp%2Fv2%2Fcategories&post=150753"},{"taxonomy":"post_tag","embeddable":true,"href":"http:\/\/www.namnewsnetwork.org\/es\/index.php?rest_route=%2Fwp%2Fv2%2Ftags&post=150753"}],"curies":[{"name":"wp","href":"https:\/\/api.w.org\/{rel}","templated":true}]}}