{"id":150751,"date":"2026-04-24T12:14:53","date_gmt":"2026-04-24T04:14:53","guid":{"rendered":"http:\/\/www.namnewsnetwork.org\/es\/?p=150751"},"modified":"2026-04-24T12:14:58","modified_gmt":"2026-04-24T04:14:58","slug":"bolivia-y-chile-suscriben-acuerdos-de-cooperacion-y-restablecen-mecanismos-de-dialogo-bilateral","status":"publish","type":"post","link":"http:\/\/www.namnewsnetwork.org\/es\/?p=150751","title":{"rendered":"Bolivia y Chile suscriben acuerdos de cooperaci\u00f3n y restablecen mecanismos de di\u00e1logo bilateral"},"content":{"rendered":"\n<p>LA PAZ, 24 abr (NNN-ABI) &#8212; Los ministros de Relaciones Exteriores de Bolivia y Chile desarrollaron el jueves una jornada de trabajo en la que se abordaron temas pol\u00edticos, econ\u00f3micos, consulares y de integraci\u00f3n, y suscribieron acuerdos orientados a fortalecer la cooperaci\u00f3n bilateral.<\/p>\n\n\n\n<div class=\"wp-block-image\"><figure class=\"alignleft size-large is-resized\"><img loading=\"lazy\" src=\"http:\/\/www.namnewsnetwork.org\/es\/wp-content\/uploads\/2026\/04\/Bolivia-y-Chile-suscriben-acuerdos-de-cooperacion-y-restablecen-mecanismos-de-dialogo-bilateral-1024x640.jpeg\" alt=\"\" class=\"wp-image-150787\" width=\"409\" height=\"255\" srcset=\"http:\/\/www.namnewsnetwork.org\/es\/wp-content\/uploads\/2026\/04\/Bolivia-y-Chile-suscriben-acuerdos-de-cooperacion-y-restablecen-mecanismos-de-dialogo-bilateral-1024x640.jpeg 1024w, http:\/\/www.namnewsnetwork.org\/es\/wp-content\/uploads\/2026\/04\/Bolivia-y-Chile-suscriben-acuerdos-de-cooperacion-y-restablecen-mecanismos-de-dialogo-bilateral-300x188.jpeg 300w, http:\/\/www.namnewsnetwork.org\/es\/wp-content\/uploads\/2026\/04\/Bolivia-y-Chile-suscriben-acuerdos-de-cooperacion-y-restablecen-mecanismos-de-dialogo-bilateral-768x480.jpeg 768w, http:\/\/www.namnewsnetwork.org\/es\/wp-content\/uploads\/2026\/04\/Bolivia-y-Chile-suscriben-acuerdos-de-cooperacion-y-restablecen-mecanismos-de-dialogo-bilateral-556x346.jpeg 556w, http:\/\/www.namnewsnetwork.org\/es\/wp-content\/uploads\/2026\/04\/Bolivia-y-Chile-suscriben-acuerdos-de-cooperacion-y-restablecen-mecanismos-de-dialogo-bilateral.jpeg 1110w\" sizes=\"(max-width: 409px) 100vw, 409px\" \/><figcaption><em><sup>Foto tomada de ABI<\/sup><\/em><\/figcaption><\/figure><\/div>\n\n\n\n<p>El canciller de Chile, Francisco P\u00e9rez Maquena, agradeci\u00f3 la hospitalidad del canciller boliviano Fernando Aramayo y destac\u00f3 el encuentro realizado en la frontera Chungar\u00e1\u2013Tambo Quemado. &#8220;Hoy fuimos protagonistas de un hecho hist\u00f3rico en el saludo de Chungar\u00e1\u2013Tambo Quemado, en un encuentro en una frontera que nos une. Pude apreciar la belleza de este pa\u00eds y la calidez de su gente&#8221;, se\u00f1al\u00f3 P\u00e9rez Maquena, en conferencia de prensa.<\/p>\n\n\n\n<p>La autoridad chilena indic\u00f3 que la jornada de trabajo fue productiva en los \u00e1mbitos pol\u00edtico y econ\u00f3mico. En el plano pol\u00edtico, inform\u00f3 que se proyecta una agenda orientada al fortalecimiento de la coordinaci\u00f3n bilateral en control migratorio, modernizaci\u00f3n de infraestructura fronteriza y lucha contra la migraci\u00f3n irregular, el crimen organizado, la trata de personas, el contrabando y el narcotr\u00e1fico.<\/p>\n\n\n\n<p>En el \u00e1mbito econ\u00f3mico, inform\u00f3 que se realizaron reuniones con empresarios de ambos pa\u00edses con el objetivo de impulsar las exportaciones y atraer inversiones. En ese marco, anunci\u00f3 el inicio de negociaciones para un nuevo acuerdo comercial. &#8220;Lo que vivimos hoy ha sido muy positivo para ambos pa\u00edses y profundiza un camino de amistad y colaboraci\u00f3n entre Chile y Bolivia&#8221;, afirm\u00f3.<\/p>\n\n\n\n<p>Por su parte, el canciller de Bolivia, Fernando Aramayo, transmiti\u00f3 el saludo del presidente Rodrigo Paz Pereira y destac\u00f3 el encuentro en Tambo Quemado como un espacio de integraci\u00f3n bilateral. La autoridad boliviana se\u00f1al\u00f3 que la presencia de la delegaci\u00f3n chilena refleja la voluntad pol\u00edtica de ambos gobiernos de avanzar hacia el restablecimiento de las relaciones diplom\u00e1ticas.<\/p>\n\n\n\n<p>&#8220;Nos une la vocaci\u00f3n del di\u00e1logo. Estamos comprometidos con el bienestar de nuestra gente y con la responsabilidad de construir futuro, sin desconocer el pasado&#8221;, manifest\u00f3 el canciller Fernando Aramayo.<\/p>\n\n\n\n<p>Aramayo inform\u00f3 que durante la jornada se desarroll\u00f3 una agenda de trabajo en temas pol\u00edticos, econ\u00f3micos, consulares y de integraci\u00f3n. Como resultado, se suscribi\u00f3 un acuerdo de servicios a\u00e9reos que permitir\u00e1 mejorar la conectividad entre ambos pa\u00edses y facilitar el intercambio social y econ\u00f3mico.<\/p>\n\n\n\n<p>Asimismo, se acord\u00f3 restablecer el mecanismo de consultas pol\u00edticas entre Bolivia y Chile, como instancia de coordinaci\u00f3n de alto nivel para dar continuidad al di\u00e1logo bilateral. Tambi\u00e9n se defini\u00f3 la convocatoria, durante la presente gesti\u00f3n, de la primera Comisi\u00f3n Bilateral de Cooperaci\u00f3n en Asuntos Consulares y Migratorios, que se realizar\u00e1 en Santiago de Chile, con el objetivo de fortalecer la atenci\u00f3n a los connacionales.<\/p>\n\n\n\n<p>Ambas autoridades destacaron el trabajo conjunto en materia de gesti\u00f3n fronteriza, control migratorio y lucha contra el crimen organizado. Finalmente, coincidieron en que el encuentro refleja un escenario de di\u00e1logo, respeto mutuo y cooperaci\u00f3n entre ambos pa\u00edses.<br>&#8212; NNN-ABI<\/p>\n","protected":false},"excerpt":{"rendered":"<p>LA PAZ, 24 abr (NNN-ABI) &#8212; Los ministros de Relaciones Exteriores de Bolivia y Chile desarrollaron el jueves una jornada de trabajo en la que se abordaron temas pol\u00edticos, econ\u00f3micos, consulares y de integraci\u00f3n, y suscribieron acuerdos orientados a fortalecer la cooperaci\u00f3n bilateral. El canciller de Chile, Francisco P\u00e9rez Maquena, agradeci\u00f3 la hospitalidad del canciller [&hellip;]<\/p>\n","protected":false},"author":2,"featured_media":150787,"comment_status":"closed","ping_status":"closed","sticky":false,"template":"","format":"standard","meta":[],"categories":[215,277,211],"tags":[],"_links":{"self":[{"href":"http:\/\/www.namnewsnetwork.org\/es\/index.php?rest_route=\/wp\/v2\/posts\/150751"}],"collection":[{"href":"http:\/\/www.namnewsnetwork.org\/es\/index.php?rest_route=\/wp\/v2\/posts"}],"about":[{"href":"http:\/\/www.namnewsnetwork.org\/es\/index.php?rest_route=\/wp\/v2\/types\/post"}],"author":[{"embeddable":true,"href":"http:\/\/www.namnewsnetwork.org\/es\/index.php?rest_route=\/wp\/v2\/users\/2"}],"replies":[{"embeddable":true,"href":"http:\/\/www.namnewsnetwork.org\/es\/index.php?rest_route=%2Fwp%2Fv2%2Fcomments&post=150751"}],"version-history":[{"count":2,"href":"http:\/\/www.namnewsnetwork.org\/es\/index.php?rest_route=\/wp\/v2\/posts\/150751\/revisions"}],"predecessor-version":[{"id":150788,"href":"http:\/\/www.namnewsnetwork.org\/es\/index.php?rest_route=\/wp\/v2\/posts\/150751\/revisions\/150788"}],"wp:featuredmedia":[{"embeddable":true,"href":"http:\/\/www.namnewsnetwork.org\/es\/index.php?rest_route=\/wp\/v2\/media\/150787"}],"wp:attachment":[{"href":"http:\/\/www.namnewsnetwork.org\/es\/index.php?rest_route=%2Fwp%2Fv2%2Fmedia&parent=150751"}],"wp:term":[{"taxonomy":"category","embeddable":true,"href":"http:\/\/www.namnewsnetwork.org\/es\/index.php?rest_route=%2Fwp%2Fv2%2Fcategories&post=150751"},{"taxonomy":"post_tag","embeddable":true,"href":"http:\/\/www.namnewsnetwork.org\/es\/index.php?rest_route=%2Fwp%2Fv2%2Ftags&post=150751"}],"curies":[{"name":"wp","href":"https:\/\/api.w.org\/{rel}","templated":true}]}}