{"id":150748,"date":"2026-04-25T12:57:00","date_gmt":"2026-04-25T04:57:00","guid":{"rendered":"http:\/\/www.namnewsnetwork.org\/es\/?p=150748"},"modified":"2026-04-25T12:00:17","modified_gmt":"2026-04-25T04:00:17","slug":"vietnam-y-corea-del-sur-habilitan-mercado-para-carne-de-pollo-procesada","status":"publish","type":"post","link":"http:\/\/www.namnewsnetwork.org\/es\/?p=150748","title":{"rendered":"Vietnam y Corea del Sur habilitan mercado para carne de pollo procesada"},"content":{"rendered":"\n<p>HAN\u00d3I, 25 abr (NNN-VNA) &#8212; Vietnam y Corea del Sur firmaron un memorando de entendimiento sobre cooperaci\u00f3n en sanidad veterinaria y cuarentena animal, anunciando oficialmente la apertura del mercado para productos de carne de pollo procesada entre ambos pa\u00edses.<\/p>\n\n\n\n<div class=\"wp-block-image\"><figure class=\"alignleft size-large is-resized\"><img loading=\"lazy\" src=\"http:\/\/www.namnewsnetwork.org\/es\/wp-content\/uploads\/2026\/04\/Screenshot-37-1024x640.jpg\" alt=\"\" class=\"wp-image-150838\" width=\"466\" height=\"290\" srcset=\"http:\/\/www.namnewsnetwork.org\/es\/wp-content\/uploads\/2026\/04\/Screenshot-37-1024x640.jpg 1024w, http:\/\/www.namnewsnetwork.org\/es\/wp-content\/uploads\/2026\/04\/Screenshot-37-300x188.jpg 300w, http:\/\/www.namnewsnetwork.org\/es\/wp-content\/uploads\/2026\/04\/Screenshot-37-768x480.jpg 768w, http:\/\/www.namnewsnetwork.org\/es\/wp-content\/uploads\/2026\/04\/Screenshot-37-556x346.jpg 556w, http:\/\/www.namnewsnetwork.org\/es\/wp-content\/uploads\/2026\/04\/Screenshot-37.jpg 1110w\" sizes=\"(max-width: 466px) 100vw, 466px\" \/><figcaption><em><sup>Una l\u00ednea de procesamiento de aves de corral en la f\u00e1brica de Green Chicken. (Foto: VNA)<\/sup><\/em><\/figcaption><\/figure><\/div>\n\n\n\n<p>La r\u00fabrica, a cargo del ministro vietnamita de Agricultura y Medio Ambiente, Trinh Viet Hung, y la ministra de Agricultura, Alimentaci\u00f3n y Asuntos Rurales de Corea del Sur, Song Miryung, se efectu\u00f3 en el marco de la visita de Estado al pa\u00eds indochino del presidente surcoreano Lee Jae Myung y su esposa Kim Hae Kyung.<\/p>\n\n\n\n<p>Este acuerdo se considera un hito importante en la cooperaci\u00f3n agr\u00edcola bilateral y abre un marco m\u00e1s estrecho de coordinaci\u00f3n en materia de control sanitario animal.<\/p>\n\n\n\n<p>Viet Hung se\u00f1al\u00f3 que, en una primera fase, cada pa\u00eds contar\u00e1 con dos empresas autorizadas para exportar carne de pollo procesada. Expres\u00f3 su expectativa de que este paso inicial impulse la expansi\u00f3n del sector y atraiga a m\u00e1s empresas en el futuro. &#8220;Esperamos que m\u00e1s empresas cumplan los requisitos para participar en la exportaci\u00f3n, contribuyendo as\u00ed a aumentar el valor de las ventas externas del sector ganadero y de procesamiento de alimentos&#8221;, subray\u00f3.<\/p>\n\n\n\n<p>Por parte de Corea del Sur, la ministra Song Miryung indic\u00f3 que este logro es fruto de un proceso de negociaciones persistente y de una cooperaci\u00f3n eficaz entre las agencias especializadas de ambos pa\u00edses, entre ellas el Departamento de Ganader\u00eda y Sanidad Veterinaria de Vietnam y la Agencia de Cuarentena Animal y Vegetal de Corea del Sur.<\/p>\n\n\n\n<p>Seg\u00fan Song Miryung, en el futuro ambas partes seguir\u00e1n manteniendo intercambios t\u00e9cnicos, especialmente en el \u00e1mbito de la cuarentena animal, para facilitar la apertura del mercado a otros productos como la carne de cerdo de Vietnam y la carne de res de Corea del Sur.<\/p>\n\n\n\n<p>Para implementar eficazmente el memorando, Viet Hung afirm\u00f3 que el Ministerio de Agricultura y Medio Ambiente coordinar\u00e1 con las partes surcoreanas en tareas de inspecci\u00f3n, evaluaci\u00f3n y supervisi\u00f3n de la calidad de los productos.<\/p>\n\n\n\n<p>Pawalit Ua-Amornwanit, director general de la empresa CP Vietnam, se\u00f1al\u00f3 que la autorizaci\u00f3n para exportar carne de pollo procesada a Corea del Sur demuestra la capacidad de producci\u00f3n y procesamiento de las empresas vietnamitas.<br>&#8212; NNN-VNA<\/p>\n","protected":false},"excerpt":{"rendered":"<p>HAN\u00d3I, 25 abr (NNN-VNA) &#8212; Vietnam y Corea del Sur firmaron un memorando de entendimiento sobre cooperaci\u00f3n en sanidad veterinaria y cuarentena animal, anunciando oficialmente la apertura del mercado para productos de carne de pollo procesada entre ambos pa\u00edses. La r\u00fabrica, a cargo del ministro vietnamita de Agricultura y Medio Ambiente, Trinh Viet Hung, y [&hellip;]<\/p>\n","protected":false},"author":2,"featured_media":150838,"comment_status":"closed","ping_status":"closed","sticky":false,"template":"","format":"standard","meta":[],"categories":[274,208,209,211],"tags":[],"_links":{"self":[{"href":"http:\/\/www.namnewsnetwork.org\/es\/index.php?rest_route=\/wp\/v2\/posts\/150748"}],"collection":[{"href":"http:\/\/www.namnewsnetwork.org\/es\/index.php?rest_route=\/wp\/v2\/posts"}],"about":[{"href":"http:\/\/www.namnewsnetwork.org\/es\/index.php?rest_route=\/wp\/v2\/types\/post"}],"author":[{"embeddable":true,"href":"http:\/\/www.namnewsnetwork.org\/es\/index.php?rest_route=\/wp\/v2\/users\/2"}],"replies":[{"embeddable":true,"href":"http:\/\/www.namnewsnetwork.org\/es\/index.php?rest_route=%2Fwp%2Fv2%2Fcomments&post=150748"}],"version-history":[{"count":3,"href":"http:\/\/www.namnewsnetwork.org\/es\/index.php?rest_route=\/wp\/v2\/posts\/150748\/revisions"}],"predecessor-version":[{"id":150839,"href":"http:\/\/www.namnewsnetwork.org\/es\/index.php?rest_route=\/wp\/v2\/posts\/150748\/revisions\/150839"}],"wp:featuredmedia":[{"embeddable":true,"href":"http:\/\/www.namnewsnetwork.org\/es\/index.php?rest_route=\/wp\/v2\/media\/150838"}],"wp:attachment":[{"href":"http:\/\/www.namnewsnetwork.org\/es\/index.php?rest_route=%2Fwp%2Fv2%2Fmedia&parent=150748"}],"wp:term":[{"taxonomy":"category","embeddable":true,"href":"http:\/\/www.namnewsnetwork.org\/es\/index.php?rest_route=%2Fwp%2Fv2%2Fcategories&post=150748"},{"taxonomy":"post_tag","embeddable":true,"href":"http:\/\/www.namnewsnetwork.org\/es\/index.php?rest_route=%2Fwp%2Fv2%2Ftags&post=150748"}],"curies":[{"name":"wp","href":"https:\/\/api.w.org\/{rel}","templated":true}]}}