{"id":150742,"date":"2026-04-24T12:00:03","date_gmt":"2026-04-24T04:00:03","guid":{"rendered":"http:\/\/www.namnewsnetwork.org\/es\/?p=150742"},"modified":"2026-04-24T12:00:05","modified_gmt":"2026-04-24T04:00:05","slug":"aerolinea-turca-ajet-opera-su-primer-vuelo-al-aeropuerto-de-alepo","status":"publish","type":"post","link":"http:\/\/www.namnewsnetwork.org\/es\/?p=150742","title":{"rendered":"Aerol\u00ednea turca AJET opera su primer vuelo al Aeropuerto de Alepo"},"content":{"rendered":"\n<p>ALEPO, SIRIA, 24 abr (NNN-SANA) &#8212; El primer vuelo de la aerol\u00ednea turca AJET aterriz\u00f3 el jueves en el Aeropuerto Internacional de Alepo, procedente de la terminal Sabiha G\u00f6k\u00e7en de Estambul, Turqu\u00eda.<\/p>\n\n\n\n<div class=\"wp-block-image\"><figure class=\"aligncenter size-large\"><img loading=\"lazy\" width=\"1024\" height=\"640\" src=\"http:\/\/www.namnewsnetwork.org\/es\/wp-content\/uploads\/2026\/04\/Arriba-primer-vuelo-de-aerolinea-turca-AJET-al-Aeropuerto-de-Alepo-1024x640.jpg\" alt=\"\" class=\"wp-image-150784\" srcset=\"http:\/\/www.namnewsnetwork.org\/es\/wp-content\/uploads\/2026\/04\/Arriba-primer-vuelo-de-aerolinea-turca-AJET-al-Aeropuerto-de-Alepo-1024x640.jpg 1024w, http:\/\/www.namnewsnetwork.org\/es\/wp-content\/uploads\/2026\/04\/Arriba-primer-vuelo-de-aerolinea-turca-AJET-al-Aeropuerto-de-Alepo-300x188.jpg 300w, http:\/\/www.namnewsnetwork.org\/es\/wp-content\/uploads\/2026\/04\/Arriba-primer-vuelo-de-aerolinea-turca-AJET-al-Aeropuerto-de-Alepo-768x480.jpg 768w, http:\/\/www.namnewsnetwork.org\/es\/wp-content\/uploads\/2026\/04\/Arriba-primer-vuelo-de-aerolinea-turca-AJET-al-Aeropuerto-de-Alepo.jpg 1110w\" sizes=\"(max-width: 1024px) 100vw, 1024px\" \/><figcaption><em><sup>Foto: SANA<\/sup><\/em><\/figcaption><\/figure><\/div>\n\n\n\n<p>La Autoridad General de Aviaci\u00f3n Civil y Transporte A\u00e9reo de Siria precis\u00f3, a trav\u00e9s de su canal en Telegram, que esta operaci\u00f3n se enmarca en la reanudaci\u00f3n de los vuelos regulares entre ambos pa\u00edses.<\/p>\n\n\n\n<p>El referido organismo hab\u00eda anunciado el pasado 19 de abril la reanudaci\u00f3n de las operaciones de aerol\u00edneas turcas en esa terminal, en una decisi\u00f3n que evidencia la recuperaci\u00f3n del tr\u00e1fico a\u00e9reo y el fortalecimiento de la conectividad regional.<br>&#8212; NNN-SANA<\/p>\n","protected":false},"excerpt":{"rendered":"<p>ALEPO, SIRIA, 24 abr (NNN-SANA) &#8212; El primer vuelo de la aerol\u00ednea turca AJET aterriz\u00f3 el jueves en el Aeropuerto Internacional de Alepo, procedente de la terminal Sabiha G\u00f6k\u00e7en de Estambul, Turqu\u00eda. La Autoridad General de Aviaci\u00f3n Civil y Transporte A\u00e9reo de Siria precis\u00f3, a trav\u00e9s de su canal en Telegram, que esta operaci\u00f3n se [&hellip;]<\/p>\n","protected":false},"author":2,"featured_media":150784,"comment_status":"closed","ping_status":"closed","sticky":false,"template":"","format":"standard","meta":[],"categories":[211,271,275],"tags":[],"_links":{"self":[{"href":"http:\/\/www.namnewsnetwork.org\/es\/index.php?rest_route=\/wp\/v2\/posts\/150742"}],"collection":[{"href":"http:\/\/www.namnewsnetwork.org\/es\/index.php?rest_route=\/wp\/v2\/posts"}],"about":[{"href":"http:\/\/www.namnewsnetwork.org\/es\/index.php?rest_route=\/wp\/v2\/types\/post"}],"author":[{"embeddable":true,"href":"http:\/\/www.namnewsnetwork.org\/es\/index.php?rest_route=\/wp\/v2\/users\/2"}],"replies":[{"embeddable":true,"href":"http:\/\/www.namnewsnetwork.org\/es\/index.php?rest_route=%2Fwp%2Fv2%2Fcomments&post=150742"}],"version-history":[{"count":2,"href":"http:\/\/www.namnewsnetwork.org\/es\/index.php?rest_route=\/wp\/v2\/posts\/150742\/revisions"}],"predecessor-version":[{"id":150786,"href":"http:\/\/www.namnewsnetwork.org\/es\/index.php?rest_route=\/wp\/v2\/posts\/150742\/revisions\/150786"}],"wp:featuredmedia":[{"embeddable":true,"href":"http:\/\/www.namnewsnetwork.org\/es\/index.php?rest_route=\/wp\/v2\/media\/150784"}],"wp:attachment":[{"href":"http:\/\/www.namnewsnetwork.org\/es\/index.php?rest_route=%2Fwp%2Fv2%2Fmedia&parent=150742"}],"wp:term":[{"taxonomy":"category","embeddable":true,"href":"http:\/\/www.namnewsnetwork.org\/es\/index.php?rest_route=%2Fwp%2Fv2%2Fcategories&post=150742"},{"taxonomy":"post_tag","embeddable":true,"href":"http:\/\/www.namnewsnetwork.org\/es\/index.php?rest_route=%2Fwp%2Fv2%2Ftags&post=150742"}],"curies":[{"name":"wp","href":"https:\/\/api.w.org\/{rel}","templated":true}]}}