{"id":150721,"date":"2026-04-23T15:47:31","date_gmt":"2026-04-23T07:47:31","guid":{"rendered":"http:\/\/www.namnewsnetwork.org\/es\/?p=150721"},"modified":"2026-04-23T15:47:33","modified_gmt":"2026-04-23T07:47:33","slug":"congreso-global-sumud-malasia-se-une-al-impulso-mundial-para-una-mayor-adhesion-al-derecho-internacional","status":"publish","type":"post","link":"http:\/\/www.namnewsnetwork.org\/es\/?p=150721","title":{"rendered":"Congreso Global Sumud: Malasia se une al impulso mundial para una mayor adhesi\u00f3n al derecho internacional"},"content":{"rendered":"\n<p>BRUSELAS, 23 abr (NNN-BERNAMA) &#8212; Una delegaci\u00f3n malasia se uni\u00f3 a parlamentarios internacionales y partes interesadas para respaldar la Declaraci\u00f3n de Bruselas en el Congreso Parlamentario Global Sumud, se\u00f1alando un impulso colectivo hacia una mayor adhesi\u00f3n al derecho internacional en lo referente a Palestina y el L\u00edbano.<\/p>\n\n\n\n<div class=\"wp-block-image\"><figure class=\"aligncenter size-large\"><img loading=\"lazy\" width=\"1024\" height=\"640\" src=\"http:\/\/www.namnewsnetwork.org\/es\/wp-content\/uploads\/2026\/04\/Global-Sumud-Congress-Msia-Joins-Global-Push-For-Stronger-Adherence-To-International-Law-1024x640.jpg\" alt=\"\" class=\"wp-image-150732\" srcset=\"http:\/\/www.namnewsnetwork.org\/es\/wp-content\/uploads\/2026\/04\/Global-Sumud-Congress-Msia-Joins-Global-Push-For-Stronger-Adherence-To-International-Law-1024x640.jpg 1024w, http:\/\/www.namnewsnetwork.org\/es\/wp-content\/uploads\/2026\/04\/Global-Sumud-Congress-Msia-Joins-Global-Push-For-Stronger-Adherence-To-International-Law-300x188.jpg 300w, http:\/\/www.namnewsnetwork.org\/es\/wp-content\/uploads\/2026\/04\/Global-Sumud-Congress-Msia-Joins-Global-Push-For-Stronger-Adherence-To-International-Law-768x480.jpg 768w, http:\/\/www.namnewsnetwork.org\/es\/wp-content\/uploads\/2026\/04\/Global-Sumud-Congress-Msia-Joins-Global-Push-For-Stronger-Adherence-To-International-Law.jpg 1110w\" sizes=\"(max-width: 1024px) 100vw, 1024px\" \/><figcaption><em><sup>Syed Ibrahim Syed Noh (Facebook)<\/sup><\/em><\/figcaption><\/figure><\/div>\n\n\n\n<p>La declaraci\u00f3n afirma que el derecho internacional debe aplicarse de manera coherente y de buena fe, subrayando que la responsabilidad se extiende m\u00e1s all\u00e1 del mero reconocimiento, abarcando acciones concretas para proteger a las poblaciones afectadas y restaurar su dignidad y autodeterminaci\u00f3n.<\/p>\n\n\n\n<p>Entre sus referencias clave se encuentran las conclusiones de la Corte Internacional de Justicia sobre la ilegalidad de la continua ocupaci\u00f3n de los territorios palestinos, as\u00ed como las preocupaciones respecto a las medidas provisionales incumplidas en el caso presentado por Sud\u00e1frica contra Israel.<\/p>\n\n\n\n<p>La declaraci\u00f3n tambi\u00e9n reitera los derechos inalienables de los pueblos palestino y liban\u00e9s, incluidos la soberan\u00eda, la rendici\u00f3n de cuentas, las reparaciones y el control sobre los recursos naturales.<\/p>\n\n\n\n<p>Los firmantes se comprometieron a adoptar medidas legales, pol\u00edticas y econ\u00f3micas coordinadas, lo que incluye garantizar que las entidades estatales y privadas no contribuyan a situaciones il\u00edcitas a trav\u00e9s del comercio, la inversi\u00f3n o la cooperaci\u00f3n tecnol\u00f3gica.<\/p>\n\n\n\n<p>Asimismo, insta a exigir responsabilidades mediante mecanismos internacionales y subraya la urgencia de restablecer las condiciones necesarias para la soberan\u00eda econ\u00f3mica, abarcando recursos como la tierra, el agua, la agricultura y la energ\u00eda.<\/p>\n\n\n\n<p>Un componente destacado de la declaraci\u00f3n es el llamamiento al establecimiento de un corredor humanitario mar\u00edtimo hacia Gaza, con el objetivo de asegurar la entrega de bienes esenciales en aquellos lugares donde el acceso terrestre se encuentra restringido.<\/p>\n\n\n\n<p>La delegaci\u00f3n malasia estuvo encabezada por el presidente del Caucus sobre Palestina del Parlamento, Syed Ibrahim Syed Noh, junto con el director general del Centro de Mando Sumud Nusantara (SNCC), Datuk Dr. Sani Araby.<\/p>\n\n\n\n<p>Tambi\u00e9n formaron parte de la delegaci\u00f3n miembros del caucus, entre ellos el diputado por Balik Pulau, Datuk Muhammad Bakhtiar Wan Chik; el diputado por Sik, Ahmad Tarmizi Sulaiman; y el diputado por Kuala Krai, Abdul Latiff Abdul Rahman. La delegaci\u00f3n cont\u00f3, adem\u00e1s, con el respaldo de organizaciones humanitarias como Majlis Perundingan Pertubuhan Islam Malaysia, Cinta Gaza Malaysia, Cinta Salam Malaysia y Gagasan MyAqsa Defender, junto con expertos jur\u00eddicos del Centre for Human Rights Research and Advocacy y representantes de los medios de comunicaci\u00f3n Bernama y TV AlHijrah.<\/p>\n\n\n\n<p>Al referirse al documento, Syed Ibrahim \u2014quien tambi\u00e9n se desempe\u00f1a como Viceministro de Recursos Naturales y Sostenibilidad Ambiental\u2014 se\u00f1al\u00f3 que a menudo surgen interrogantes sobre qu\u00e9 pasos siguen a este tipo de declaraciones, pero subray\u00f3 la necesidad de generar confianza y apoyo.<\/p>\n\n\n\n<p>\u201cNo queremos que la declaraci\u00f3n se quede en una mera declaraci\u00f3n. Examinaremos en detalle qu\u00e9 medidas pueden implementarse a nivel nacional o regional\u2026 es posible que no podamos implementar la totalidad de las medidas, pero debemos seleccionar lo m\u00e1s importante y priorizarlo\u2026 una vez que las prioridades est\u00e9n claras, tendremos un plan, si Dios quiere\u201d, afirm\u00f3.<\/p>\n\n\n\n<p>Syed Ibrahim indic\u00f3 que las deliberaciones continuar\u00e1n en Malasia, con la participaci\u00f3n de parlamentarios, grupos de la sociedad civil y actores relevantes, con el fin de formular un enfoque m\u00e1s estructurado y coordinado.<\/p>\n\n\n\n<p>A\u00f1adi\u00f3 que, si bien la declaraci\u00f3n no es jur\u00eddicamente vinculante, posee un peso pol\u00edtico y moral significativo, al reflejar un compromiso compartido tanto por el gobierno como por la oposici\u00f3n.<\/p>\n\n\n\n<p>La firma de la Declaraci\u00f3n de Bruselas marc\u00f3 la clausura del Congreso Parlamentario Global Sumud, celebrado el mi\u00e9rcoles en esta ciudad.<br>&#8212; NNN-BERNAMA<\/p>\n","protected":false},"excerpt":{"rendered":"<p>BRUSELAS, 23 abr (NNN-BERNAMA) &#8212; Una delegaci\u00f3n malasia se uni\u00f3 a parlamentarios internacionales y partes interesadas para respaldar la Declaraci\u00f3n de Bruselas en el Congreso Parlamentario Global Sumud, se\u00f1alando un impulso colectivo hacia una mayor adhesi\u00f3n al derecho internacional en lo referente a Palestina y el L\u00edbano. La declaraci\u00f3n afirma que el derecho internacional debe [&hellip;]<\/p>\n","protected":false},"author":2,"featured_media":150732,"comment_status":"closed","ping_status":"closed","sticky":false,"template":"","format":"standard","meta":[],"categories":[208,214,211,197],"tags":[],"_links":{"self":[{"href":"http:\/\/www.namnewsnetwork.org\/es\/index.php?rest_route=\/wp\/v2\/posts\/150721"}],"collection":[{"href":"http:\/\/www.namnewsnetwork.org\/es\/index.php?rest_route=\/wp\/v2\/posts"}],"about":[{"href":"http:\/\/www.namnewsnetwork.org\/es\/index.php?rest_route=\/wp\/v2\/types\/post"}],"author":[{"embeddable":true,"href":"http:\/\/www.namnewsnetwork.org\/es\/index.php?rest_route=\/wp\/v2\/users\/2"}],"replies":[{"embeddable":true,"href":"http:\/\/www.namnewsnetwork.org\/es\/index.php?rest_route=%2Fwp%2Fv2%2Fcomments&post=150721"}],"version-history":[{"count":2,"href":"http:\/\/www.namnewsnetwork.org\/es\/index.php?rest_route=\/wp\/v2\/posts\/150721\/revisions"}],"predecessor-version":[{"id":150733,"href":"http:\/\/www.namnewsnetwork.org\/es\/index.php?rest_route=\/wp\/v2\/posts\/150721\/revisions\/150733"}],"wp:featuredmedia":[{"embeddable":true,"href":"http:\/\/www.namnewsnetwork.org\/es\/index.php?rest_route=\/wp\/v2\/media\/150732"}],"wp:attachment":[{"href":"http:\/\/www.namnewsnetwork.org\/es\/index.php?rest_route=%2Fwp%2Fv2%2Fmedia&parent=150721"}],"wp:term":[{"taxonomy":"category","embeddable":true,"href":"http:\/\/www.namnewsnetwork.org\/es\/index.php?rest_route=%2Fwp%2Fv2%2Fcategories&post=150721"},{"taxonomy":"post_tag","embeddable":true,"href":"http:\/\/www.namnewsnetwork.org\/es\/index.php?rest_route=%2Fwp%2Fv2%2Ftags&post=150721"}],"curies":[{"name":"wp","href":"https:\/\/api.w.org\/{rel}","templated":true}]}}