{"id":150720,"date":"2026-04-23T15:43:44","date_gmt":"2026-04-23T07:43:44","guid":{"rendered":"http:\/\/www.namnewsnetwork.org\/es\/?p=150720"},"modified":"2026-04-23T15:43:45","modified_gmt":"2026-04-23T07:43:45","slug":"grupo-de-derechos-humanos-de-malasia-se-une-a-iniciativa-legal-global-contra-funcionarios-israelies","status":"publish","type":"post","link":"http:\/\/www.namnewsnetwork.org\/es\/?p=150720","title":{"rendered":"Grupo de derechos humanos de Malasia se une a iniciativa legal global contra funcionarios israel\u00edes"},"content":{"rendered":"\n<p>BRUSELAS, 23 abr (NNN-BERNAMA) &#8212; Una organizaci\u00f3n malasia de derechos humanos se ha unido a una coalici\u00f3n legal internacional para exigir rendici\u00f3n de cuentas por presuntas violaciones del derecho internacional en las que estar\u00edan implicados funcionarios israel\u00edes.<\/p>\n\n\n\n<div class=\"wp-block-image\"><figure class=\"aligncenter size-large\"><img loading=\"lazy\" width=\"1024\" height=\"640\" src=\"http:\/\/www.namnewsnetwork.org\/es\/wp-content\/uploads\/2026\/04\/Malaysian-Rights-Group-Joins-Global-Legal-Push-Against-Israeli-Officials-1024x640.jpg\" alt=\"\" class=\"wp-image-150729\" srcset=\"http:\/\/www.namnewsnetwork.org\/es\/wp-content\/uploads\/2026\/04\/Malaysian-Rights-Group-Joins-Global-Legal-Push-Against-Israeli-Officials-1024x640.jpg 1024w, http:\/\/www.namnewsnetwork.org\/es\/wp-content\/uploads\/2026\/04\/Malaysian-Rights-Group-Joins-Global-Legal-Push-Against-Israeli-Officials-300x188.jpg 300w, http:\/\/www.namnewsnetwork.org\/es\/wp-content\/uploads\/2026\/04\/Malaysian-Rights-Group-Joins-Global-Legal-Push-Against-Israeli-Officials-768x480.jpg 768w, http:\/\/www.namnewsnetwork.org\/es\/wp-content\/uploads\/2026\/04\/Malaysian-Rights-Group-Joins-Global-Legal-Push-Against-Israeli-Officials.jpg 1110w\" sizes=\"(max-width: 1024px) 100vw, 1024px\" \/><figcaption>Foto: Azril Mohd Amin (FB)<\/figcaption><\/figure><\/div>\n\n\n\n<p>El Centro de Investigaci\u00f3n y Defensa de los Derechos Humanos (CENTHRA, por sus siglas en ingl\u00e9s) firm\u00f3 el mi\u00e9rcoles aqu\u00ed un memorando de entendimiento (MdE) sobre este asunto con \u00b4Waves of Freedom France\u00b4, el propio Centro de Investigaci\u00f3n y Defensa de los Derechos Humanos y la Coalici\u00f3n Global para Poner Fin a la Ocupaci\u00f3n de Palestina, en el marco del Congreso Parlamentario Global Sumud.<\/p>\n\n\n\n<p>El MdE establece un marco para la cooperaci\u00f3n legal internacional destinado a perseguir delitos graves bajo el derecho internacional.<\/p>\n\n\n\n<p>La iniciativa coincide con la presentaci\u00f3n de una denuncia legal en Francia dirigida contra varios funcionarios israel\u00edes por su presunto papel en la legislaci\u00f3n que introduce la pena de muerte para los detenidos palestinos.<\/p>\n\n\n\n<p>El fundador y presidente de CENTHRA, Azril Mohd Amin, declar\u00f3 que la participaci\u00f3n de la organizaci\u00f3n en el congreso se centr\u00f3 en el fortalecimiento de los marcos legales y la cooperaci\u00f3n internacional.<\/p>\n\n\n\n<p>&#8220;Ambas coaliciones est\u00e1n firmemente comprometidas en el aspecto legal y, de hecho, en las \u00faltimas semanas han presentado varias acciones penales contra individuos y funcionarios israel\u00edes&#8221;, afirm\u00f3.<\/p>\n\n\n\n<p>A\u00f1adi\u00f3 que los esfuerzos realizados en Bruselas tambi\u00e9n han abierto oportunidades para fortalecer las redes internacionales entre abogados y activistas.<\/p>\n\n\n\n<p>&#8220;Esperamos que, con una red m\u00e1s s\u00f3lida, nuestros esfuerzos para hacer justicia en nombre del pueblo palestino y procesar a los israel\u00edes sean m\u00e1s exitosos y robustos&#8221;, agreg\u00f3.<\/p>\n\n\n\n<p>Azril tambi\u00e9n se\u00f1al\u00f3 que CENTHRA comenzar\u00e1 a emprender otras formas de acci\u00f3n para perseguir los cr\u00edmenes cometidos por Israel, a pesar de enfrentar limitaciones para aplicar directamente el principio de jurisdicci\u00f3n universal.<\/p>\n\n\n\n<p>&#8220;Si Dios quiere, aunque todav\u00eda no podemos aplicar o implementar directamente el principio de jurisdicci\u00f3n universal en Malasia debido a ciertas limitaciones, Malasia comenzar\u00e1 tomando medidas para buscar justicia para los participantes malasios de la Flotilla Global Sumud que fueron detenidos y secuestrados en aguas internacionales&#8221;, concluy\u00f3.<br>&#8212; NNN-BERNAMA<\/p>\n","protected":false},"excerpt":{"rendered":"<p>BRUSELAS, 23 abr (NNN-BERNAMA) &#8212; Una organizaci\u00f3n malasia de derechos humanos se ha unido a una coalici\u00f3n legal internacional para exigir rendici\u00f3n de cuentas por presuntas violaciones del derecho internacional en las que estar\u00edan implicados funcionarios israel\u00edes. El Centro de Investigaci\u00f3n y Defensa de los Derechos Humanos (CENTHRA, por sus siglas en ingl\u00e9s) firm\u00f3 el [&hellip;]<\/p>\n","protected":false},"author":2,"featured_media":150729,"comment_status":"closed","ping_status":"closed","sticky":false,"template":"","format":"standard","meta":[],"categories":[208,214,211,197],"tags":[],"_links":{"self":[{"href":"http:\/\/www.namnewsnetwork.org\/es\/index.php?rest_route=\/wp\/v2\/posts\/150720"}],"collection":[{"href":"http:\/\/www.namnewsnetwork.org\/es\/index.php?rest_route=\/wp\/v2\/posts"}],"about":[{"href":"http:\/\/www.namnewsnetwork.org\/es\/index.php?rest_route=\/wp\/v2\/types\/post"}],"author":[{"embeddable":true,"href":"http:\/\/www.namnewsnetwork.org\/es\/index.php?rest_route=\/wp\/v2\/users\/2"}],"replies":[{"embeddable":true,"href":"http:\/\/www.namnewsnetwork.org\/es\/index.php?rest_route=%2Fwp%2Fv2%2Fcomments&post=150720"}],"version-history":[{"count":2,"href":"http:\/\/www.namnewsnetwork.org\/es\/index.php?rest_route=\/wp\/v2\/posts\/150720\/revisions"}],"predecessor-version":[{"id":150731,"href":"http:\/\/www.namnewsnetwork.org\/es\/index.php?rest_route=\/wp\/v2\/posts\/150720\/revisions\/150731"}],"wp:featuredmedia":[{"embeddable":true,"href":"http:\/\/www.namnewsnetwork.org\/es\/index.php?rest_route=\/wp\/v2\/media\/150729"}],"wp:attachment":[{"href":"http:\/\/www.namnewsnetwork.org\/es\/index.php?rest_route=%2Fwp%2Fv2%2Fmedia&parent=150720"}],"wp:term":[{"taxonomy":"category","embeddable":true,"href":"http:\/\/www.namnewsnetwork.org\/es\/index.php?rest_route=%2Fwp%2Fv2%2Fcategories&post=150720"},{"taxonomy":"post_tag","embeddable":true,"href":"http:\/\/www.namnewsnetwork.org\/es\/index.php?rest_route=%2Fwp%2Fv2%2Ftags&post=150720"}],"curies":[{"name":"wp","href":"https:\/\/api.w.org\/{rel}","templated":true}]}}