{"id":150674,"date":"2026-04-23T12:46:22","date_gmt":"2026-04-23T04:46:22","guid":{"rendered":"http:\/\/www.namnewsnetwork.org\/es\/?p=150674"},"modified":"2026-04-23T12:46:25","modified_gmt":"2026-04-23T04:46:25","slug":"masiva-marcha-en-argentina-en-defensa-de-los-derechos-de-personas-con-discapacidad","status":"publish","type":"post","link":"http:\/\/www.namnewsnetwork.org\/es\/?p=150674","title":{"rendered":"Masiva marcha en Argentina en defensa de los derechos de personas con discapacidad"},"content":{"rendered":"\n<p>BUENOS AIRES, 23 abr (NNN-PRENSA LATINA) &#8212; Colectivos defensores de los derechos de los discapacitados, padres y m\u00e9dicos protagonizaron el mi\u00e9rcoles en Buenos Aires una masiva manifestaci\u00f3n contra el nuevo plan del gobierno de Javier Milei para eliminar fondos y prestaciones a este vulnerable sector.<\/p>\n\n\n\n<p>La marcha que termin\u00f3 con una concentraci\u00f3n frente al Ministerio de Salud denunci\u00f3 el ajuste del ejecutivo libertario y la falta de insumos b\u00e1sicos, as\u00ed como la falta de una actualizaci\u00f3n de pagos a los profesionales del sector. A su vez, sirvi\u00f3 para exigir la total aplicaci\u00f3n de la Ley de Emergencia en Discapacidad.<\/p>\n\n\n\n<p>Profesionales, familiares y pacientes de instituciones que atienden a personas con discapacidad volvieron a movilizarse el mi\u00e9rcoles en distintas ciudades del pa\u00eds para reclamarle al gobierno nacional que aplique de una vez la legislaci\u00f3n de emergencia sancionada por el Congreso el a\u00f1o pasado y ratificada en varias instancias por el Poder Judicial.<\/p>\n\n\n\n<p>Tambi\u00e9n exigieron que se respete y cumpla con el Programa Incluir Salud, al tiempo que repudiaron el proyecto de ley anunciado por las autoridades nacionales con la que la Casa Rosada busca eliminar prestaciones y coberturas, y demandaron que lo retire del palacio legislativo adonde lo envi\u00f3 el lunes \u00faltimo.<\/p>\n\n\n\n<p>Un grupo de manifestantes se congreg\u00f3 frente al Congreso de la Naci\u00f3n donde ya estaban concentr\u00e1ndose jubilados para su Marcha de la Dignidad de cada mi\u00e9rcoles, y desde all\u00ed partieron hacia el Ministerio de Salud. Entre muchas pancartas en la marcha una exig\u00eda: &#8220;Basta de crueldad. Ni un derecho menos&#8221;, y otra denunciaba: &#8220;Por cada prestaci\u00f3n que no se paga, hay un derecho que se vulnera&#8221;.<\/p>\n\n\n\n<p>El pretexto del gobierno para no cumplir con la Ley de Emergencia en Discapacidad es que existe un &#8220;sistema fraudulento&#8221; de otorgamiento de pensiones, sobre lo cual no ha presentado pruebas fehacientes. Asimismo, los manifestantes instaron a los legisladores de la oposici\u00f3n a reafirmar su compromiso con el colectivo de personas con discapacidad y rechacen el proyecto de ley que el ejecutivo present\u00f3 en el Congreso.<br>&#8212; NNN-PRENSA LATINA<\/p>\n","protected":false},"excerpt":{"rendered":"<p>BUENOS AIRES, 23 abr (NNN-PRENSA LATINA) &#8212; Colectivos defensores de los derechos de los discapacitados, padres y m\u00e9dicos protagonizaron el mi\u00e9rcoles en Buenos Aires una masiva manifestaci\u00f3n contra el nuevo plan del gobierno de Javier Milei para eliminar fondos y prestaciones a este vulnerable sector. La marcha que termin\u00f3 con una concentraci\u00f3n frente al Ministerio [&hellip;]<\/p>\n","protected":false},"author":2,"featured_media":150715,"comment_status":"closed","ping_status":"closed","sticky":false,"template":"","format":"standard","meta":[],"categories":[215,211,272],"tags":[],"_links":{"self":[{"href":"http:\/\/www.namnewsnetwork.org\/es\/index.php?rest_route=\/wp\/v2\/posts\/150674"}],"collection":[{"href":"http:\/\/www.namnewsnetwork.org\/es\/index.php?rest_route=\/wp\/v2\/posts"}],"about":[{"href":"http:\/\/www.namnewsnetwork.org\/es\/index.php?rest_route=\/wp\/v2\/types\/post"}],"author":[{"embeddable":true,"href":"http:\/\/www.namnewsnetwork.org\/es\/index.php?rest_route=\/wp\/v2\/users\/2"}],"replies":[{"embeddable":true,"href":"http:\/\/www.namnewsnetwork.org\/es\/index.php?rest_route=%2Fwp%2Fv2%2Fcomments&post=150674"}],"version-history":[{"count":1,"href":"http:\/\/www.namnewsnetwork.org\/es\/index.php?rest_route=\/wp\/v2\/posts\/150674\/revisions"}],"predecessor-version":[{"id":150692,"href":"http:\/\/www.namnewsnetwork.org\/es\/index.php?rest_route=\/wp\/v2\/posts\/150674\/revisions\/150692"}],"wp:featuredmedia":[{"embeddable":true,"href":"http:\/\/www.namnewsnetwork.org\/es\/index.php?rest_route=\/wp\/v2\/media\/150715"}],"wp:attachment":[{"href":"http:\/\/www.namnewsnetwork.org\/es\/index.php?rest_route=%2Fwp%2Fv2%2Fmedia&parent=150674"}],"wp:term":[{"taxonomy":"category","embeddable":true,"href":"http:\/\/www.namnewsnetwork.org\/es\/index.php?rest_route=%2Fwp%2Fv2%2Fcategories&post=150674"},{"taxonomy":"post_tag","embeddable":true,"href":"http:\/\/www.namnewsnetwork.org\/es\/index.php?rest_route=%2Fwp%2Fv2%2Ftags&post=150674"}],"curies":[{"name":"wp","href":"https:\/\/api.w.org\/{rel}","templated":true}]}}