{"id":150613,"date":"2026-04-22T10:52:30","date_gmt":"2026-04-22T02:52:30","guid":{"rendered":"http:\/\/www.namnewsnetwork.org\/es\/?p=150613"},"modified":"2026-04-22T10:52:41","modified_gmt":"2026-04-22T02:52:41","slug":"oim-reporta-casi-8-000-migrantes-muertos-o-desaparecidos-durante-travesias-en-2025","status":"publish","type":"post","link":"http:\/\/www.namnewsnetwork.org\/es\/?p=150613","title":{"rendered":"OIM reporta casi 8.000 migrantes muertos o desaparecidos durante traves\u00edas en 2025"},"content":{"rendered":"\n<p>GINEBRA, 22 abr (NNN-XINHUA) &#8212; Casi 8.000 migrantes fueron reportados muertos o desaparecidos en rutas migratorias en todo el mundo durante 2025, lo que eleva el total acumulado desde 2014 a m\u00e1s de 82.000, seg\u00fan datos publicados el martes por la Organizaci\u00f3n Internacional para las Migraciones (OIM).<\/p>\n\n\n\n<div class=\"wp-block-image\"><figure class=\"aligncenter size-large\"><img loading=\"lazy\" width=\"1024\" height=\"640\" src=\"http:\/\/www.namnewsnetwork.org\/es\/wp-content\/uploads\/2026\/04\/2026-04-21T111835Z_1948772433_RC2FTKAHWYV3_RTRMADP_3_SPAIN-MIGRATION-1024x640.jpg\" alt=\"\" class=\"wp-image-150624\" srcset=\"http:\/\/www.namnewsnetwork.org\/es\/wp-content\/uploads\/2026\/04\/2026-04-21T111835Z_1948772433_RC2FTKAHWYV3_RTRMADP_3_SPAIN-MIGRATION-1024x640.jpg 1024w, http:\/\/www.namnewsnetwork.org\/es\/wp-content\/uploads\/2026\/04\/2026-04-21T111835Z_1948772433_RC2FTKAHWYV3_RTRMADP_3_SPAIN-MIGRATION-300x188.jpg 300w, http:\/\/www.namnewsnetwork.org\/es\/wp-content\/uploads\/2026\/04\/2026-04-21T111835Z_1948772433_RC2FTKAHWYV3_RTRMADP_3_SPAIN-MIGRATION-768x480.jpg 768w, http:\/\/www.namnewsnetwork.org\/es\/wp-content\/uploads\/2026\/04\/2026-04-21T111835Z_1948772433_RC2FTKAHWYV3_RTRMADP_3_SPAIN-MIGRATION.jpg 1110w\" sizes=\"(max-width: 1024px) 100vw, 1024px\" \/><figcaption><em><sup>Personas descansan mientras esperan en una fila a primera hora de la ma\u00f1ana para obtener un certificado de vulnerabilidad con el fin de regularizar su situaci\u00f3n migratoria, en el Ayuntamiento de Almer\u00eda, Espa\u00f1a, el 21 de abril de 2026. (Foto: REUTERS\/Nacho Doce)<\/sup><\/em><\/figcaption><\/figure><\/div>\n\n\n\n<p>El an\u00e1lisis del Proyecto Migrantes Desaparecidos de la OIM estima que al menos 340.000 familiares han sido directamente afectados por las muertes de migrantes registradas por la organizaci\u00f3n desde 2014.<\/p>\n\n\n\n<p>Otro informe de la OIM, el Panorama Global de las Rutas Migratorias 2025 tambi\u00e9n se\u00f1ala que las rutas migratorias en todo el mundo est\u00e1n cambiando, pero la presi\u00f3n migratoria general no ha disminuido.<\/p>\n\n\n\n<p>De acuerdo con el documento, &#8220;los conflictos, los choques clim\u00e1ticos, los cambios en la demanda laboral y las modificaciones de pol\u00edticas est\u00e1n alterando c\u00f3mo y hacia d\u00f3nde se desplazan las personas&#8221;.<\/p>\n\n\n\n<p>Aunque las llegadas a lo largo de algunas rutas establecidas han disminuido, el informe advierte que &#8220;los viajes a menudo se han vuelto m\u00e1s largos, m\u00e1s fragmentados y cada vez m\u00e1s peligrosos&#8221;.<br>&#8212; NNN-XINHUA<\/p>\n","protected":false},"excerpt":{"rendered":"<p>GINEBRA, 22 abr (NNN-XINHUA) &#8212; Casi 8.000 migrantes fueron reportados muertos o desaparecidos en rutas migratorias en todo el mundo durante 2025, lo que eleva el total acumulado desde 2014 a m\u00e1s de 82.000, seg\u00fan datos publicados el martes por la Organizaci\u00f3n Internacional para las Migraciones (OIM). El an\u00e1lisis del Proyecto Migrantes Desaparecidos de la [&hellip;]<\/p>\n","protected":false},"author":2,"featured_media":150624,"comment_status":"closed","ping_status":"closed","sticky":false,"template":"","format":"standard","meta":[],"categories":[210,211,272],"tags":[],"_links":{"self":[{"href":"http:\/\/www.namnewsnetwork.org\/es\/index.php?rest_route=\/wp\/v2\/posts\/150613"}],"collection":[{"href":"http:\/\/www.namnewsnetwork.org\/es\/index.php?rest_route=\/wp\/v2\/posts"}],"about":[{"href":"http:\/\/www.namnewsnetwork.org\/es\/index.php?rest_route=\/wp\/v2\/types\/post"}],"author":[{"embeddable":true,"href":"http:\/\/www.namnewsnetwork.org\/es\/index.php?rest_route=\/wp\/v2\/users\/2"}],"replies":[{"embeddable":true,"href":"http:\/\/www.namnewsnetwork.org\/es\/index.php?rest_route=%2Fwp%2Fv2%2Fcomments&post=150613"}],"version-history":[{"count":2,"href":"http:\/\/www.namnewsnetwork.org\/es\/index.php?rest_route=\/wp\/v2\/posts\/150613\/revisions"}],"predecessor-version":[{"id":150626,"href":"http:\/\/www.namnewsnetwork.org\/es\/index.php?rest_route=\/wp\/v2\/posts\/150613\/revisions\/150626"}],"wp:featuredmedia":[{"embeddable":true,"href":"http:\/\/www.namnewsnetwork.org\/es\/index.php?rest_route=\/wp\/v2\/media\/150624"}],"wp:attachment":[{"href":"http:\/\/www.namnewsnetwork.org\/es\/index.php?rest_route=%2Fwp%2Fv2%2Fmedia&parent=150613"}],"wp:term":[{"taxonomy":"category","embeddable":true,"href":"http:\/\/www.namnewsnetwork.org\/es\/index.php?rest_route=%2Fwp%2Fv2%2Fcategories&post=150613"},{"taxonomy":"post_tag","embeddable":true,"href":"http:\/\/www.namnewsnetwork.org\/es\/index.php?rest_route=%2Fwp%2Fv2%2Ftags&post=150613"}],"curies":[{"name":"wp","href":"https:\/\/api.w.org\/{rel}","templated":true}]}}