{"id":150484,"date":"2026-04-21T12:17:00","date_gmt":"2026-04-21T04:17:00","guid":{"rendered":"http:\/\/www.namnewsnetwork.org\/es\/?p=150484"},"modified":"2026-04-21T11:19:12","modified_gmt":"2026-04-21T03:19:12","slug":"el-papa-agradece-a-las-autoridades-de-angola-por-su-visita-pastoral","status":"publish","type":"post","link":"http:\/\/www.namnewsnetwork.org\/es\/?p=150484","title":{"rendered":"El Papa agradece a las autoridades de Angola por su visita pastoral"},"content":{"rendered":"\n<p>LUANDA, 21 abr (NNN-PRENSA LATINA) &#8212; El Papa Le\u00f3n XIV manifest\u00f3 el lunes un profundo reconocimiento a las autoridades civiles y religiosas de Angola por el gran esfuerzo realizado en la preparaci\u00f3n de su visita al pa\u00eds, que culmina el martes.<\/p>\n\n\n\n<div class=\"wp-block-image\"><figure class=\"aligncenter size-large\"><img loading=\"lazy\" width=\"1024\" height=\"640\" src=\"http:\/\/www.namnewsnetwork.org\/es\/wp-content\/uploads\/2026\/04\/2026-04-20T174927Z_410481341_RC24TKAA1N7F_RTRMADP_3_POPE-AFRICA-ANGOLA-1024x640.jpg\" alt=\"\" class=\"wp-image-150557\" srcset=\"http:\/\/www.namnewsnetwork.org\/es\/wp-content\/uploads\/2026\/04\/2026-04-20T174927Z_410481341_RC24TKAA1N7F_RTRMADP_3_POPE-AFRICA-ANGOLA-1024x640.jpg 1024w, http:\/\/www.namnewsnetwork.org\/es\/wp-content\/uploads\/2026\/04\/2026-04-20T174927Z_410481341_RC24TKAA1N7F_RTRMADP_3_POPE-AFRICA-ANGOLA-300x188.jpg 300w, http:\/\/www.namnewsnetwork.org\/es\/wp-content\/uploads\/2026\/04\/2026-04-20T174927Z_410481341_RC24TKAA1N7F_RTRMADP_3_POPE-AFRICA-ANGOLA-768x480.jpg 768w, http:\/\/www.namnewsnetwork.org\/es\/wp-content\/uploads\/2026\/04\/2026-04-20T174927Z_410481341_RC24TKAA1N7F_RTRMADP_3_POPE-AFRICA-ANGOLA.jpg 1110w\" sizes=\"(max-width: 1024px) 100vw, 1024px\" \/><figcaption><em><sup>El papa Le\u00f3n XIV saluda a la multitud durante una reuni\u00f3n con obispos, sacerdotes, religiosos y religiosas y agentes de pastoral en la parroquia de Nuestra Se\u00f1ora de F\u00e1tima, en Luanda, Angola, el 20 de abril de 2026. (Foto: REUTERS\/Guglielmo Mangiapane)<\/sup><\/em><\/figcaption><\/figure><\/div>\n\n\n\n<p>Al terminar la misa oficiada en la ciudad de Saurimo, provincia del Lunda Sur, frente a m\u00e1s de 60 mil personas, el Sumo Pont\u00edfice dirigi\u00f3 un mensaje lleno de gratitud a los obispos, sacerdotes, di\u00e1conos, consagrados y fieles laicos, as\u00ed como al Gobierno, por haber preparado su viaje con gran dedicaci\u00f3n.<\/p>\n\n\n\n<p>&#8220;Angola, mantente fiel a tus ra\u00edces cristianas, as\u00ed podr\u00e1s seguir ofreciendo tu ayuda cada vez mejor para la construcci\u00f3n de la justicia y la paz en \u00c1frica y en todo el mundo&#8221;, exhort\u00f3 Su Santidad Le\u00f3n XIV.<\/p>\n\n\n\n<p>En la homil\u00eda, el l\u00edder de la Iglesia Cat\u00f3lica reflexion\u00f3 sobre el motivo y el fin por los cuales se busca a Dios, ya sea gratitud, inter\u00e9s, c\u00e1lculo o amor. Coment\u00f3 que hay quienes ven a Jes\u00fas como un instrumento para lograr algo, como un proveedor de servicios, y se\u00f1al\u00f3 que esto ocurre &#8220;cuando la fe aut\u00e9ntica se sustituye por un comercio supersticioso, en el cual Dios se convierte en un \u00eddolo al que solo se recurre cuando nos conviene o cuando no nos conviene&#8221;.<\/p>\n\n\n\n<p>Precis\u00f3 que existen motivos equivocados para buscar a Cristo, &#8220;sobre todo cuando se le considera un gur\u00fa o un amuleto de la suerte&#8221;, y signific\u00f3 que el Evangelio ense\u00f1a que \u00c9l no quiere siervos ni clientes, sino que busca hermanos y hermanas. &#8220;Hay que acoger el sentido de las palabras de Jes\u00fas&#8221;, invit\u00f3 y subray\u00f3 que no basta con ver lo que Cristo hace, sino que hay que imitar sus acciones.<\/p>\n\n\n\n<p>&#8220;Hoy vemos que muchos deseos de la gente son frustrados por los violentos, explotados por los que corrompen los corazones, por los prepotentes y enga\u00f1ados por la riqueza. Cuando la injusticia corrompe el coraz\u00f3n y el pan de todos se convierte en posesi\u00f3n de unos pocos, ante estos males Cristo escucha el clamor de los pueblos&#8221;, a\u00f1adi\u00f3.<\/p>\n\n\n\n<p>El lunes, el Papa Le\u00f3n XIV visit\u00f3 un hogar de ancianos en Saurimo, donde expres\u00f3 agradecimiento a las autoridades de Angola por las iniciativas en favor de los adultos mayores m\u00e1s necesitados. Remarc\u00f3 que el cuidado de las personas en situaci\u00f3n de vulnerabilidad es un indicador muy importante de la calidad de la vida social de un pa\u00eds e insisti\u00f3 en que a los ancianos no solo hay que asistirlas, &#8220;ante todo hay que escucharlas, porque custodian la sabidur\u00eda de un pueblo&#8221;.<\/p>\n\n\n\n<p>En la tarde, ya en Luanda, el Sumo Pont\u00edfice tendr\u00e1 su \u00faltimo encuentro en tierra angole\u00f1a con la comunidad cat\u00f3lica, al reunirse con obispos, sacerdotes, consagrados y agentes pastorales en la Parroquia de Nuestra Se\u00f1ora de F\u00e1tima.<br>&#8212; NNN-PRENSA LATINA<\/p>\n","protected":false},"excerpt":{"rendered":"<p>LUANDA, 21 abr (NNN-PRENSA LATINA) &#8212; El Papa Le\u00f3n XIV manifest\u00f3 el lunes un profundo reconocimiento a las autoridades civiles y religiosas de Angola por el gran esfuerzo realizado en la preparaci\u00f3n de su visita al pa\u00eds, que culmina el martes. Al terminar la misa oficiada en la ciudad de Saurimo, provincia del Lunda Sur, [&hellip;]<\/p>\n","protected":false},"author":2,"featured_media":150557,"comment_status":"closed","ping_status":"closed","sticky":false,"template":"","format":"standard","meta":[],"categories":[217,276,211],"tags":[],"_links":{"self":[{"href":"http:\/\/www.namnewsnetwork.org\/es\/index.php?rest_route=\/wp\/v2\/posts\/150484"}],"collection":[{"href":"http:\/\/www.namnewsnetwork.org\/es\/index.php?rest_route=\/wp\/v2\/posts"}],"about":[{"href":"http:\/\/www.namnewsnetwork.org\/es\/index.php?rest_route=\/wp\/v2\/types\/post"}],"author":[{"embeddable":true,"href":"http:\/\/www.namnewsnetwork.org\/es\/index.php?rest_route=\/wp\/v2\/users\/2"}],"replies":[{"embeddable":true,"href":"http:\/\/www.namnewsnetwork.org\/es\/index.php?rest_route=%2Fwp%2Fv2%2Fcomments&post=150484"}],"version-history":[{"count":4,"href":"http:\/\/www.namnewsnetwork.org\/es\/index.php?rest_route=\/wp\/v2\/posts\/150484\/revisions"}],"predecessor-version":[{"id":150558,"href":"http:\/\/www.namnewsnetwork.org\/es\/index.php?rest_route=\/wp\/v2\/posts\/150484\/revisions\/150558"}],"wp:featuredmedia":[{"embeddable":true,"href":"http:\/\/www.namnewsnetwork.org\/es\/index.php?rest_route=\/wp\/v2\/media\/150557"}],"wp:attachment":[{"href":"http:\/\/www.namnewsnetwork.org\/es\/index.php?rest_route=%2Fwp%2Fv2%2Fmedia&parent=150484"}],"wp:term":[{"taxonomy":"category","embeddable":true,"href":"http:\/\/www.namnewsnetwork.org\/es\/index.php?rest_route=%2Fwp%2Fv2%2Fcategories&post=150484"},{"taxonomy":"post_tag","embeddable":true,"href":"http:\/\/www.namnewsnetwork.org\/es\/index.php?rest_route=%2Fwp%2Fv2%2Ftags&post=150484"}],"curies":[{"name":"wp","href":"https:\/\/api.w.org\/{rel}","templated":true}]}}