{"id":150483,"date":"2026-04-21T14:02:00","date_gmt":"2026-04-21T06:02:00","guid":{"rendered":"http:\/\/www.namnewsnetwork.org\/es\/?p=150483"},"modified":"2026-04-21T23:33:08","modified_gmt":"2026-04-21T15:33:08","slug":"gobierno-de-etiopia-evalua-desempeno-y-crecimiento-economico-reciente","status":"publish","type":"post","link":"http:\/\/www.namnewsnetwork.org\/es\/?p=150483","title":{"rendered":"Gobierno de Etiop\u00eda eval\u00faa desempe\u00f1o y crecimiento econ\u00f3mico reciente"},"content":{"rendered":"\n<p>AD\u00cdS ABEBA, 21 abr (NNN-PRENSA LATINA) &#8212; El primer ministro de Etiop\u00eda, Abiy Ahmed, inform\u00f3 el lunes la tercera revisi\u00f3n de 100 d\u00edas del desempe\u00f1o gubernamental correspondiente al \u00faltimo a\u00f1o, junto con una evaluaci\u00f3n integral de los nueve meses pasados.<\/p>\n\n\n\n<p>Ahmed, en su cuenta de la red social X, afirm\u00f3 que superaron una econom\u00eda caracterizada por un marco institucional y pol\u00edtico d\u00e9bil que no propiciaba el crecimiento, una participaci\u00f3n limitada del sector privado y un entorno regulatorio ineficaz.<\/p>\n\n\n\n<p>Precis\u00f3 que el sector privado enfrentaba una baja competitividad, mientras que numerosas empresas estatales operaban de manera ineficiente, lastradas por altos niveles de deuda. Asimismo, la productividad segu\u00eda siendo baja y la econom\u00eda era altamente vulnerable a los impactos del cambio clim\u00e1tico.<\/p>\n\n\n\n<p>En respuesta a esa situaci\u00f3n, el jefe de Gobierno et\u00edope destac\u00f3 la adopci\u00f3n de un nuevo enfoque de econom\u00eda pol\u00edtica pragm\u00e1tico. Este cambio ha permitido alcanzar un s\u00f3lido crecimiento de dos d\u00edgitos, asever\u00f3.<\/p>\n\n\n\n<p>Actualmente, revel\u00f3, el sector crece al 9,2 % y prev\u00e9n un aumento al 10,2 % el pr\u00f3ximo a\u00f1o. &#8220;Por sectores, estamos avanzando en los objetivos de crecimiento previstos: 7,9 % en agricultura, 13,2 % en industria y 9,3 % en servicios&#8221;, subray\u00f3.<\/p>\n\n\n\n<p>Estos esfuerzos reflejan nuestro compromiso con la construcci\u00f3n de una econom\u00eda m\u00e1s resiliente, competitiva e inclusiva, concluy\u00f3 el l\u00edder africano.<br>&#8212; NNN-PRENSA LATINA<\/p>\n","protected":false},"excerpt":{"rendered":"<p>AD\u00cdS ABEBA, 21 abr (NNN-PRENSA LATINA) &#8212; El primer ministro de Etiop\u00eda, Abiy Ahmed, inform\u00f3 el lunes la tercera revisi\u00f3n de 100 d\u00edas del desempe\u00f1o gubernamental correspondiente al \u00faltimo a\u00f1o, junto con una evaluaci\u00f3n integral de los nueve meses pasados. Ahmed, en su cuenta de la red social X, afirm\u00f3 que superaron una econom\u00eda caracterizada [&hellip;]<\/p>\n","protected":false},"author":2,"featured_media":150559,"comment_status":"closed","ping_status":"closed","sticky":false,"template":"","format":"standard","meta":[],"categories":[217,276,209,211],"tags":[],"_links":{"self":[{"href":"http:\/\/www.namnewsnetwork.org\/es\/index.php?rest_route=\/wp\/v2\/posts\/150483"}],"collection":[{"href":"http:\/\/www.namnewsnetwork.org\/es\/index.php?rest_route=\/wp\/v2\/posts"}],"about":[{"href":"http:\/\/www.namnewsnetwork.org\/es\/index.php?rest_route=\/wp\/v2\/types\/post"}],"author":[{"embeddable":true,"href":"http:\/\/www.namnewsnetwork.org\/es\/index.php?rest_route=\/wp\/v2\/users\/2"}],"replies":[{"embeddable":true,"href":"http:\/\/www.namnewsnetwork.org\/es\/index.php?rest_route=%2Fwp%2Fv2%2Fcomments&post=150483"}],"version-history":[{"count":2,"href":"http:\/\/www.namnewsnetwork.org\/es\/index.php?rest_route=\/wp\/v2\/posts\/150483\/revisions"}],"predecessor-version":[{"id":150586,"href":"http:\/\/www.namnewsnetwork.org\/es\/index.php?rest_route=\/wp\/v2\/posts\/150483\/revisions\/150586"}],"wp:featuredmedia":[{"embeddable":true,"href":"http:\/\/www.namnewsnetwork.org\/es\/index.php?rest_route=\/wp\/v2\/media\/150559"}],"wp:attachment":[{"href":"http:\/\/www.namnewsnetwork.org\/es\/index.php?rest_route=%2Fwp%2Fv2%2Fmedia&parent=150483"}],"wp:term":[{"taxonomy":"category","embeddable":true,"href":"http:\/\/www.namnewsnetwork.org\/es\/index.php?rest_route=%2Fwp%2Fv2%2Fcategories&post=150483"},{"taxonomy":"post_tag","embeddable":true,"href":"http:\/\/www.namnewsnetwork.org\/es\/index.php?rest_route=%2Fwp%2Fv2%2Ftags&post=150483"}],"curies":[{"name":"wp","href":"https:\/\/api.w.org\/{rel}","templated":true}]}}