{"id":150473,"date":"2026-04-21T10:38:43","date_gmt":"2026-04-21T02:38:43","guid":{"rendered":"http:\/\/www.namnewsnetwork.org\/es\/?p=150473"},"modified":"2026-04-21T10:40:47","modified_gmt":"2026-04-21T02:40:47","slug":"etiopia-inaugura-proyecto-de-ecoturismo-sostenible-de-alto-nivel","status":"publish","type":"post","link":"http:\/\/www.namnewsnetwork.org\/es\/?p=150473","title":{"rendered":"Etiop\u00eda inaugura proyecto de ecoturismo sostenible de alto nivel"},"content":{"rendered":"\n<p>AD\u00cdS ABEBA, 21 abr (NNN-TV BRICS) &#8212; El primer ministro de Etiop\u00eda, Abiy Ahmed, inaugur\u00f3 oficialmente el albergue Haroo Dendi, dentro de la iniciativa gubernamental &#8220;Dine for Generation&#8221; (Cena por una buena causa) en la regi\u00f3n de Oromia.<\/p>\n\n\n\n<div class=\"wp-block-image\"><figure class=\"alignleft size-large is-resized\"><img loading=\"lazy\" src=\"http:\/\/www.namnewsnetwork.org\/es\/wp-content\/uploads\/2026\/04\/Etiopia-inaugura-proyecto-ecoturistico-sostenible-de-alto-nivel-1024x640.jpg\" alt=\"\" class=\"wp-image-150531\" width=\"390\" height=\"243\" srcset=\"http:\/\/www.namnewsnetwork.org\/es\/wp-content\/uploads\/2026\/04\/Etiopia-inaugura-proyecto-ecoturistico-sostenible-de-alto-nivel-1024x640.jpg 1024w, http:\/\/www.namnewsnetwork.org\/es\/wp-content\/uploads\/2026\/04\/Etiopia-inaugura-proyecto-ecoturistico-sostenible-de-alto-nivel-300x188.jpg 300w, http:\/\/www.namnewsnetwork.org\/es\/wp-content\/uploads\/2026\/04\/Etiopia-inaugura-proyecto-ecoturistico-sostenible-de-alto-nivel-768x480.jpg 768w, http:\/\/www.namnewsnetwork.org\/es\/wp-content\/uploads\/2026\/04\/Etiopia-inaugura-proyecto-ecoturistico-sostenible-de-alto-nivel-556x346.jpg 556w, http:\/\/www.namnewsnetwork.org\/es\/wp-content\/uploads\/2026\/04\/Etiopia-inaugura-proyecto-ecoturistico-sostenible-de-alto-nivel.jpg 1110w\" sizes=\"(max-width: 390px) 100vw, 390px\" \/><figcaption><em><sup>Foto: HomoCosmicos<\/sup><\/em><\/figcaption><\/figure><\/div>\n\n\n\n<p>Ubicado con vistas al lago del cr\u00e1ter Dendi, este proyecto de ecoturismo subraya el creciente enfoque de Etiop\u00eda en el desarrollo tur\u00edstico sostenible de alto nivel, de acuerdo con ENA, socio de la red TV BRICS. Seg\u00fan el Gobierno et\u00edope, el albergue representa un esfuerzo estrat\u00e9gico para aprovechar la belleza natural del pa\u00eds, promoviendo al mismo tiempo inversiones ambientalmente responsables.<\/p>\n\n\n\n<p>La iniciativa &#8220;Cena por una buena causa&#8221; busca crear destinos tur\u00edsticos emblem\u00e1ticos que impulsen la econom\u00eda local, generen empleo y preserven el patrimonio natural del pa\u00eds. Con este proyecto, Etiop\u00eda refuerza su posicionamiento como destino emergente para el turismo ecol\u00f3gico y de lujo en \u00c1frica, atrayendo a visitantes interesados en experiencias aut\u00e9nticas y sostenibles.<\/p>\n\n\n\n<p>El lugar integra pr\u00e1cticas de conservaci\u00f3n ambiental y beneficios comunitarios, aline\u00e1ndose con los objetivos nacionales de desarrollo verde y resiliencia clim\u00e1tica.<br>&#8212; NNN-TV BRICS<\/p>\n","protected":false},"excerpt":{"rendered":"<p>AD\u00cdS ABEBA, 21 abr (NNN-TV BRICS) &#8212; El primer ministro de Etiop\u00eda, Abiy Ahmed, inaugur\u00f3 oficialmente el albergue Haroo Dendi, dentro de la iniciativa gubernamental &#8220;Dine for Generation&#8221; (Cena por una buena causa) en la regi\u00f3n de Oromia. Ubicado con vistas al lago del cr\u00e1ter Dendi, este proyecto de ecoturismo subraya el creciente enfoque de [&hellip;]<\/p>\n","protected":false},"author":2,"featured_media":150531,"comment_status":"closed","ping_status":"closed","sticky":false,"template":"","format":"standard","meta":[],"categories":[217,276,211],"tags":[],"_links":{"self":[{"href":"http:\/\/www.namnewsnetwork.org\/es\/index.php?rest_route=\/wp\/v2\/posts\/150473"}],"collection":[{"href":"http:\/\/www.namnewsnetwork.org\/es\/index.php?rest_route=\/wp\/v2\/posts"}],"about":[{"href":"http:\/\/www.namnewsnetwork.org\/es\/index.php?rest_route=\/wp\/v2\/types\/post"}],"author":[{"embeddable":true,"href":"http:\/\/www.namnewsnetwork.org\/es\/index.php?rest_route=\/wp\/v2\/users\/2"}],"replies":[{"embeddable":true,"href":"http:\/\/www.namnewsnetwork.org\/es\/index.php?rest_route=%2Fwp%2Fv2%2Fcomments&post=150473"}],"version-history":[{"count":4,"href":"http:\/\/www.namnewsnetwork.org\/es\/index.php?rest_route=\/wp\/v2\/posts\/150473\/revisions"}],"predecessor-version":[{"id":150540,"href":"http:\/\/www.namnewsnetwork.org\/es\/index.php?rest_route=\/wp\/v2\/posts\/150473\/revisions\/150540"}],"wp:featuredmedia":[{"embeddable":true,"href":"http:\/\/www.namnewsnetwork.org\/es\/index.php?rest_route=\/wp\/v2\/media\/150531"}],"wp:attachment":[{"href":"http:\/\/www.namnewsnetwork.org\/es\/index.php?rest_route=%2Fwp%2Fv2%2Fmedia&parent=150473"}],"wp:term":[{"taxonomy":"category","embeddable":true,"href":"http:\/\/www.namnewsnetwork.org\/es\/index.php?rest_route=%2Fwp%2Fv2%2Fcategories&post=150473"},{"taxonomy":"post_tag","embeddable":true,"href":"http:\/\/www.namnewsnetwork.org\/es\/index.php?rest_route=%2Fwp%2Fv2%2Ftags&post=150473"}],"curies":[{"name":"wp","href":"https:\/\/api.w.org\/{rel}","templated":true}]}}