{"id":149354,"date":"2026-04-05T12:05:29","date_gmt":"2026-04-05T04:05:29","guid":{"rendered":"http:\/\/www.namnewsnetwork.org\/es\/?p=149354"},"modified":"2026-04-05T12:05:31","modified_gmt":"2026-04-05T04:05:31","slug":"reportan-danos-y-una-victima-tras-ataque-a-la-planta-nuclear-de-bushehr-en-iran","status":"publish","type":"post","link":"http:\/\/www.namnewsnetwork.org\/es\/?p=149354","title":{"rendered":"Reportan da\u00f1os y una v\u00edctima tras ataque a la planta nuclear de Bushehr en Ir\u00e1n"},"content":{"rendered":"\n<p>TEHER\u00c1N, 5 abr (NNN-PRENSA LATINA) &#8212; Una persona falleci\u00f3 el viernes tras un ataque atribuido a Estados Unidos e Israel contra la central nuclear de Bushehr, situada en el sureste de Ir\u00e1n.<\/p>\n\n\n\n<p>Seg\u00fan inform\u00f3 la agencia semioficial Fars, el bombardeo tuvo como objetivo la instalaci\u00f3n nuclear y caus\u00f3 la muerte de un miembro del personal de seguridad.<\/p>\n\n\n\n<p>El ataque provoc\u00f3 adem\u00e1s da\u00f1os materiales en edificios cercanos pertenecientes a la planta, como consecuencia de la explosi\u00f3n y la metralla.<\/p>\n\n\n\n<p>De acuerdo con la fuente, se trata del cuarto ataque contra esta central desde el inicio de la ofensiva militar por parte de Washington y Tel Aviv el pasado 28 de febrero.<\/p>\n\n\n\n<p>Estos hechos se inscriben en la escalada del conflicto en la regi\u00f3n, que ha dejado miles de muertos y heridos en Ir\u00e1n, mientras Teher\u00e1n responde mediante el lanzamiento de misiles y drones.<br>&#8212; NNN-PRENSA LATINA<\/p>\n","protected":false},"excerpt":{"rendered":"<p>TEHER\u00c1N, 5 abr (NNN-PRENSA LATINA) &#8212; Una persona falleci\u00f3 el viernes tras un ataque atribuido a Estados Unidos e Israel contra la central nuclear de Bushehr, situada en el sureste de Ir\u00e1n. Seg\u00fan inform\u00f3 la agencia semioficial Fars, el bombardeo tuvo como objetivo la instalaci\u00f3n nuclear y caus\u00f3 la muerte de un miembro del personal [&hellip;]<\/p>\n","protected":false},"author":2,"featured_media":149416,"comment_status":"closed","ping_status":"closed","sticky":false,"template":"","format":"standard","meta":[],"categories":[211,271,275],"tags":[],"_links":{"self":[{"href":"http:\/\/www.namnewsnetwork.org\/es\/index.php?rest_route=\/wp\/v2\/posts\/149354"}],"collection":[{"href":"http:\/\/www.namnewsnetwork.org\/es\/index.php?rest_route=\/wp\/v2\/posts"}],"about":[{"href":"http:\/\/www.namnewsnetwork.org\/es\/index.php?rest_route=\/wp\/v2\/types\/post"}],"author":[{"embeddable":true,"href":"http:\/\/www.namnewsnetwork.org\/es\/index.php?rest_route=\/wp\/v2\/users\/2"}],"replies":[{"embeddable":true,"href":"http:\/\/www.namnewsnetwork.org\/es\/index.php?rest_route=%2Fwp%2Fv2%2Fcomments&post=149354"}],"version-history":[{"count":1,"href":"http:\/\/www.namnewsnetwork.org\/es\/index.php?rest_route=\/wp\/v2\/posts\/149354\/revisions"}],"predecessor-version":[{"id":149379,"href":"http:\/\/www.namnewsnetwork.org\/es\/index.php?rest_route=\/wp\/v2\/posts\/149354\/revisions\/149379"}],"wp:featuredmedia":[{"embeddable":true,"href":"http:\/\/www.namnewsnetwork.org\/es\/index.php?rest_route=\/wp\/v2\/media\/149416"}],"wp:attachment":[{"href":"http:\/\/www.namnewsnetwork.org\/es\/index.php?rest_route=%2Fwp%2Fv2%2Fmedia&parent=149354"}],"wp:term":[{"taxonomy":"category","embeddable":true,"href":"http:\/\/www.namnewsnetwork.org\/es\/index.php?rest_route=%2Fwp%2Fv2%2Fcategories&post=149354"},{"taxonomy":"post_tag","embeddable":true,"href":"http:\/\/www.namnewsnetwork.org\/es\/index.php?rest_route=%2Fwp%2Fv2%2Ftags&post=149354"}],"curies":[{"name":"wp","href":"https:\/\/api.w.org\/{rel}","templated":true}]}}