{"id":149251,"date":"2026-04-03T10:06:43","date_gmt":"2026-04-03T02:06:43","guid":{"rendered":"http:\/\/www.namnewsnetwork.org\/es\/?p=149251"},"modified":"2026-04-03T10:07:29","modified_gmt":"2026-04-03T02:07:29","slug":"cuba-preve-un-aumento-de-1-del-pib-con-actualizacion-del-programa-economico","status":"publish","type":"post","link":"http:\/\/www.namnewsnetwork.org\/es\/?p=149251","title":{"rendered":"Cuba prev\u00e9 un aumento de 1% del PIB con actualizaci\u00f3n del Programa Econ\u00f3mico"},"content":{"rendered":"\n<p>LA HABANA, 3 abr (NNN-TELESUR) &#8212; El Gobierno de Cuba present\u00f3 el martes la versi\u00f3n actualizada del Programa Econ\u00f3mico y Social para 2026, que prev\u00e9 un crecimiento del Producto Interno Bruto (PIB) de 1 %, pese a la profunda crisis econ\u00f3mica y el cerco energ\u00e9tico impuesto por Estados Unidos desde enero, que ha agravado la situaci\u00f3n de la isla en el primer trimestre del a\u00f1o.<\/p>\n\n\n\n<div class=\"wp-block-image\"><figure class=\"aligncenter size-large\"><img loading=\"lazy\" width=\"1024\" height=\"640\" src=\"http:\/\/www.namnewsnetwork.org\/es\/wp-content\/uploads\/2026\/04\/2026-03-29T091113Z_585479830_RC2M9KAMRT31_RTRMADP_3_CUBA-CRISIS-POWER-1024x640.jpg\" alt=\"\" class=\"wp-image-149263\" srcset=\"http:\/\/www.namnewsnetwork.org\/es\/wp-content\/uploads\/2026\/04\/2026-03-29T091113Z_585479830_RC2M9KAMRT31_RTRMADP_3_CUBA-CRISIS-POWER-1024x640.jpg 1024w, http:\/\/www.namnewsnetwork.org\/es\/wp-content\/uploads\/2026\/04\/2026-03-29T091113Z_585479830_RC2M9KAMRT31_RTRMADP_3_CUBA-CRISIS-POWER-300x188.jpg 300w, http:\/\/www.namnewsnetwork.org\/es\/wp-content\/uploads\/2026\/04\/2026-03-29T091113Z_585479830_RC2M9KAMRT31_RTRMADP_3_CUBA-CRISIS-POWER-768x480.jpg 768w, http:\/\/www.namnewsnetwork.org\/es\/wp-content\/uploads\/2026\/04\/2026-03-29T091113Z_585479830_RC2M9KAMRT31_RTRMADP_3_CUBA-CRISIS-POWER.jpg 1110w\" sizes=\"(max-width: 1024px) 100vw, 1024px\" \/><figcaption><em><sup>Vista del amanecer en La Habana, Cuba, el 22 de marzo de 2026. (Foto: REUTERS\/Norlys Perez)<\/sup><\/em><\/figcaption><\/figure><\/div>\n\n\n\n<p>El documento, ya disponible en las plataformas Soberan\u00eda y el sitio web de la Presidencia de Cuba, fue elaborado tras consultar a m\u00e1s de dos millones de personas de diversos sectores, inform\u00f3 el primer ministro Manuel Marrero en su cuenta de la red social X.<\/p>\n\n\n\n<p>&#8220;Corresponde ahora, a cada nivel, la actualizaci\u00f3n con objetividad de las acciones a desarrollar, y que el Programa se convierta en herramienta de trabajo, como hilo conductor para alcanzar las necesarias transformaciones econ\u00f3micas en el complejo escenario que enfrenta el pa\u00eds&#8221;, se\u00f1al\u00f3 Marrero en su publicaci\u00f3n.<\/p>\n\n\n\n<p>Entre los objetivos centrales figuran propiciar un entorno macroecon\u00f3mico favorable, incrementar y diversificar los ingresos externos, impulsar la producci\u00f3n nacional e integrar al sector privado en la empresa estatal socialista, definida como &#8220;actor econ\u00f3mico principal&#8221;. Aunque el programa reafirma y defiende el modelo socialista, reconoce que &#8220;se viven tiempos diferentes, y en este sentido es impostergable hacer cosas diferentes&#8221;.<\/p>\n\n\n\n<p>El texto tambi\u00e9n anunci\u00f3 medidas concretas como permitir la entrega de remesas en efectivo, un cambio significativo respecto al sistema anterior basado exclusivamente en cuentas bancarias estatales, lo que busca facilitar el flujo de divisas hacia la poblaci\u00f3n y dinamizar la econom\u00eda informal.<\/p>\n\n\n\n<p>El documento denuncia el &#8220;modo despiadado&#8221; de la administraci\u00f3n de Donald Trump, que busca &#8220;bloquear absolutamente el suministro de combustibles&#8221; y &#8220;reimplantar la Doctrina Monroe&#8221; mediante la presi\u00f3n econ\u00f3mica m\u00e1xima contra la isla. El PIB cubano cay\u00f3 un 15 % en los \u00faltimos seis a\u00f1os, y en 2025 registr\u00f3 una contracci\u00f3n de 4 %, cifra que habr\u00eda sido mayor sin los esfuerzos del Gobierno por mitigar el impacto directo del cerco energ\u00e9tico.<\/p>\n\n\n\n<p>El Gobierno tambi\u00e9n proyecta exportaciones por 3.829 millones de d\u00f3lares y priorizar\u00e1 el pago a acreedores externos como parte de su estrategia para restablecer la confianza financiera internacional. En los pr\u00f3ximos d\u00edas se dar\u00e1n a conocer los resultados detallados de la consulta popular y los pormenores de implementaci\u00f3n del programa, as\u00ed como las modificaciones que puedan realizarse durante el transcurso del a\u00f1o en funci\u00f3n de la evoluci\u00f3n del contexto econ\u00f3mico.<\/p>\n\n\n\n<p>Analistas econ\u00f3micos destacan que, si bien la meta de crecimiento del 1 % es modesta, representa un esfuerzo por estabilizar la econom\u00eda cubana en un entorno extremadamente adverso, marcado por la escasez de combustibles, las limitaciones para importar insumos esenciales y la volatilidad de los mercados internacionales.<\/p>\n\n\n\n<p>Organizaciones sociales y sectores productivos han expresado su expectativa de que la actualizaci\u00f3n del Programa Econ\u00f3mico se traduzca en medidas tangibles que alivien las condiciones de vida de la poblaci\u00f3n, fortalezcan la producci\u00f3n de alimentos y bienes de consumo, y generen mayores oportunidades de empleo e ingresos para los trabajadores cubanos.<br>&#8212; NNN-TELESUR<\/p>\n","protected":false},"excerpt":{"rendered":"<p>LA HABANA, 3 abr (NNN-TELESUR) &#8212; El Gobierno de Cuba present\u00f3 el martes la versi\u00f3n actualizada del Programa Econ\u00f3mico y Social para 2026, que prev\u00e9 un crecimiento del Producto Interno Bruto (PIB) de 1 %, pese a la profunda crisis econ\u00f3mica y el cerco energ\u00e9tico impuesto por Estados Unidos desde enero, que ha agravado la [&hellip;]<\/p>\n","protected":false},"author":2,"featured_media":149263,"comment_status":"closed","ping_status":"closed","sticky":false,"template":"","format":"standard","meta":[],"categories":[215,277,209,211],"tags":[],"_links":{"self":[{"href":"http:\/\/www.namnewsnetwork.org\/es\/index.php?rest_route=\/wp\/v2\/posts\/149251"}],"collection":[{"href":"http:\/\/www.namnewsnetwork.org\/es\/index.php?rest_route=\/wp\/v2\/posts"}],"about":[{"href":"http:\/\/www.namnewsnetwork.org\/es\/index.php?rest_route=\/wp\/v2\/types\/post"}],"author":[{"embeddable":true,"href":"http:\/\/www.namnewsnetwork.org\/es\/index.php?rest_route=\/wp\/v2\/users\/2"}],"replies":[{"embeddable":true,"href":"http:\/\/www.namnewsnetwork.org\/es\/index.php?rest_route=%2Fwp%2Fv2%2Fcomments&post=149251"}],"version-history":[{"count":2,"href":"http:\/\/www.namnewsnetwork.org\/es\/index.php?rest_route=\/wp\/v2\/posts\/149251\/revisions"}],"predecessor-version":[{"id":149264,"href":"http:\/\/www.namnewsnetwork.org\/es\/index.php?rest_route=\/wp\/v2\/posts\/149251\/revisions\/149264"}],"wp:featuredmedia":[{"embeddable":true,"href":"http:\/\/www.namnewsnetwork.org\/es\/index.php?rest_route=\/wp\/v2\/media\/149263"}],"wp:attachment":[{"href":"http:\/\/www.namnewsnetwork.org\/es\/index.php?rest_route=%2Fwp%2Fv2%2Fmedia&parent=149251"}],"wp:term":[{"taxonomy":"category","embeddable":true,"href":"http:\/\/www.namnewsnetwork.org\/es\/index.php?rest_route=%2Fwp%2Fv2%2Fcategories&post=149251"},{"taxonomy":"post_tag","embeddable":true,"href":"http:\/\/www.namnewsnetwork.org\/es\/index.php?rest_route=%2Fwp%2Fv2%2Ftags&post=149251"}],"curies":[{"name":"wp","href":"https:\/\/api.w.org\/{rel}","templated":true}]}}