{"id":147498,"date":"2026-03-10T09:21:00","date_gmt":"2026-03-10T01:21:00","guid":{"rendered":"http:\/\/www.namnewsnetwork.org\/es\/?p=147498"},"modified":"2026-03-10T04:47:35","modified_gmt":"2026-03-09T20:47:35","slug":"mujeres-del-mst-en-brasil-se-movilizan-por-reforma-agraria-y-justicia-social","status":"publish","type":"post","link":"http:\/\/www.namnewsnetwork.org\/es\/?p=147498","title":{"rendered":"Mujeres del MST en Brasil se movilizan por reforma agraria y justicia social"},"content":{"rendered":"\n<p>BRASILIA, 10 mar (NNN-TELESUR) &#8212; Unas 14.000 mujeres del Movimiento de Trabajadores Rurales Sin Tierra (MST) de Brasil se mantienen movilizadas desde el domingo hasta el 12 de marzo en diversos estados del pa\u00eds, bajo el lema &#8220;lucha por la soberan\u00eda y la justicia social&#8221;, para denunciar la concentraci\u00f3n de tierras, la paralizaci\u00f3n de la reforma agraria y la violencia contra las mujeres, en coincidencia con el D\u00eda Nacional de las Mujeres Sin Tierra y el D\u00eda Internacional de la Mujer.<\/p>\n\n\n\n<div class=\"wp-block-image\"><figure class=\"aligncenter size-large\"><img loading=\"lazy\" width=\"1024\" height=\"640\" src=\"http:\/\/www.namnewsnetwork.org\/es\/wp-content\/uploads\/2026\/03\/Brasil-Mujeres-del-MST-se-movilizan-por-reforma-agraria-y-justicia-1024x640.jpg\" alt=\"\" class=\"wp-image-147514\" srcset=\"http:\/\/www.namnewsnetwork.org\/es\/wp-content\/uploads\/2026\/03\/Brasil-Mujeres-del-MST-se-movilizan-por-reforma-agraria-y-justicia-1024x640.jpg 1024w, http:\/\/www.namnewsnetwork.org\/es\/wp-content\/uploads\/2026\/03\/Brasil-Mujeres-del-MST-se-movilizan-por-reforma-agraria-y-justicia-300x188.jpg 300w, http:\/\/www.namnewsnetwork.org\/es\/wp-content\/uploads\/2026\/03\/Brasil-Mujeres-del-MST-se-movilizan-por-reforma-agraria-y-justicia-768x480.jpg 768w, http:\/\/www.namnewsnetwork.org\/es\/wp-content\/uploads\/2026\/03\/Brasil-Mujeres-del-MST-se-movilizan-por-reforma-agraria-y-justicia.jpg 1110w\" sizes=\"(max-width: 1024px) 100vw, 1024px\" \/><figcaption><em><sup>Foto: teleSUR<\/sup><\/em><\/figcaption><\/figure><\/div>\n\n\n\n<p>En R\u00edo Grande del Sur, 500 mujeres ocuparon 400 hect\u00e1reas de la Fundaci\u00f3n Estatal de Investigaciones Agrarias (Fepagro) en Sao Gabriel, exigiendo al gobierno estatal y al Incra la reanudaci\u00f3n de negociaciones para reasentar a familias afectadas por las inundaciones de mayo de 2024.<\/p>\n\n\n\n<p>En Minas Gerais, 700 manifestantes bloquearon el ferrocarril Vit\u00f3ria-Minas en Tumiritinga exigiendo justicia por el colapso de la presa Fund\u00e3o en Mariana (2015). En Goi\u00e1s, 500 mujeres ocuparon 8.000 hect\u00e1reas de la Empresa Brasile\u00f1a de Bioenerg\u00e9tica (CBB), denunciando deudas tributarias, delitos ambientales y trabajo an\u00e1logo a la esclavitud.<\/p>\n\n\n\n<p>En Sao Paulo, 400 mujeres ocuparon la finca Santo Ant\u00f4nio en Presidente Epit\u00e1cio, presionando por la asignaci\u00f3n de tierras p\u00fablicas a la reforma agraria y rechazando leyes que favorecen a grandes terratenientes.<br>&#8212; NNN-TELESUR<\/p>\n","protected":false},"excerpt":{"rendered":"<p>BRASILIA, 10 mar (NNN-TELESUR) &#8212; Unas 14.000 mujeres del Movimiento de Trabajadores Rurales Sin Tierra (MST) de Brasil se mantienen movilizadas desde el domingo hasta el 12 de marzo en diversos estados del pa\u00eds, bajo el lema &#8220;lucha por la soberan\u00eda y la justicia social&#8221;, para denunciar la concentraci\u00f3n de tierras, la paralizaci\u00f3n de la [&hellip;]<\/p>\n","protected":false},"author":2,"featured_media":147514,"comment_status":"closed","ping_status":"closed","sticky":false,"template":"","format":"standard","meta":[],"categories":[215,277,211],"tags":[],"_links":{"self":[{"href":"http:\/\/www.namnewsnetwork.org\/es\/index.php?rest_route=\/wp\/v2\/posts\/147498"}],"collection":[{"href":"http:\/\/www.namnewsnetwork.org\/es\/index.php?rest_route=\/wp\/v2\/posts"}],"about":[{"href":"http:\/\/www.namnewsnetwork.org\/es\/index.php?rest_route=\/wp\/v2\/types\/post"}],"author":[{"embeddable":true,"href":"http:\/\/www.namnewsnetwork.org\/es\/index.php?rest_route=\/wp\/v2\/users\/2"}],"replies":[{"embeddable":true,"href":"http:\/\/www.namnewsnetwork.org\/es\/index.php?rest_route=%2Fwp%2Fv2%2Fcomments&post=147498"}],"version-history":[{"count":2,"href":"http:\/\/www.namnewsnetwork.org\/es\/index.php?rest_route=\/wp\/v2\/posts\/147498\/revisions"}],"predecessor-version":[{"id":147515,"href":"http:\/\/www.namnewsnetwork.org\/es\/index.php?rest_route=\/wp\/v2\/posts\/147498\/revisions\/147515"}],"wp:featuredmedia":[{"embeddable":true,"href":"http:\/\/www.namnewsnetwork.org\/es\/index.php?rest_route=\/wp\/v2\/media\/147514"}],"wp:attachment":[{"href":"http:\/\/www.namnewsnetwork.org\/es\/index.php?rest_route=%2Fwp%2Fv2%2Fmedia&parent=147498"}],"wp:term":[{"taxonomy":"category","embeddable":true,"href":"http:\/\/www.namnewsnetwork.org\/es\/index.php?rest_route=%2Fwp%2Fv2%2Fcategories&post=147498"},{"taxonomy":"post_tag","embeddable":true,"href":"http:\/\/www.namnewsnetwork.org\/es\/index.php?rest_route=%2Fwp%2Fv2%2Ftags&post=147498"}],"curies":[{"name":"wp","href":"https:\/\/api.w.org\/{rel}","templated":true}]}}