{"id":147454,"date":"2026-03-10T08:34:00","date_gmt":"2026-03-10T00:34:00","guid":{"rendered":"http:\/\/www.namnewsnetwork.org\/es\/?p=147454"},"modified":"2026-03-10T00:45:55","modified_gmt":"2026-03-09T16:45:55","slug":"diez-mil-medicos-sirios-en-alemania-apoyan-reconstruccion-sanitaria-de-siria","status":"publish","type":"post","link":"http:\/\/www.namnewsnetwork.org\/es\/?p=147454","title":{"rendered":"Diez mil m\u00e9dicos sirios en Alemania apoyan reconstrucci\u00f3n sanitaria de Siria"},"content":{"rendered":"\n<p>BERL\u00cdN, 10 mar (NNN-SANA) &#8212; Los m\u00e9dicos sirios en Alemania forman una de las mayores comunidades m\u00e9dicas extranjeras del pa\u00eds, con cerca de 10.000 profesionales que trabajan en hospitales y centros de salud, mientras mantienen v\u00ednculos con Siria mediante iniciativas de voluntariado y asociaciones profesionales, en medio del debate sobre su posible regreso para contribuir a la reconstrucci\u00f3n del sistema sanitario, informaron fuentes oficiales.<\/p>\n\n\n\n<div class=\"wp-block-image\"><figure class=\"aligncenter size-large\"><img loading=\"lazy\" width=\"1024\" height=\"640\" src=\"http:\/\/www.namnewsnetwork.org\/es\/wp-content\/uploads\/2026\/03\/10-mil-medicos-sirios-en-Alemania-apoyan-reconstruccion-sanitaria-en-Siria-1024x640.jpeg\" alt=\"\" class=\"wp-image-147484\" srcset=\"http:\/\/www.namnewsnetwork.org\/es\/wp-content\/uploads\/2026\/03\/10-mil-medicos-sirios-en-Alemania-apoyan-reconstruccion-sanitaria-en-Siria-1024x640.jpeg 1024w, http:\/\/www.namnewsnetwork.org\/es\/wp-content\/uploads\/2026\/03\/10-mil-medicos-sirios-en-Alemania-apoyan-reconstruccion-sanitaria-en-Siria-300x188.jpeg 300w, http:\/\/www.namnewsnetwork.org\/es\/wp-content\/uploads\/2026\/03\/10-mil-medicos-sirios-en-Alemania-apoyan-reconstruccion-sanitaria-en-Siria-768x480.jpeg 768w, http:\/\/www.namnewsnetwork.org\/es\/wp-content\/uploads\/2026\/03\/10-mil-medicos-sirios-en-Alemania-apoyan-reconstruccion-sanitaria-en-Siria.jpeg 1110w\" sizes=\"(max-width: 1024px) 100vw, 1024px\" \/><figcaption><em><sup>Foto: SANA<\/sup><\/em><\/figcaption><\/figure><\/div>\n\n\n\n<p>Muchos emigraron tras el inicio de la Revoluci\u00f3n siria y lograron integrarse en las instituciones sanitarias alemanas. El cardi\u00f3logo Hussam al-Mustafa, graduado en 2011 y residente en Alemania desde 2013, explic\u00f3 que actualmente trabaja en Berl\u00edn en cateterismo card\u00edaco e implante de marcapasos, adem\u00e1s de formar a m\u00e9dicos residentes, y se\u00f1al\u00f3 que &#8220;pocos hospitales carecen de m\u00e9dicos sirios&#8221;.<\/p>\n\n\n\n<p>Adem\u00e1s de su labor profesional, muchos participan en misiones m\u00e9dicas a Siria realizando cirug\u00edas, consultas especializadas y programas de formaci\u00f3n. La pediatra Hiba Al-Nayef impulsa una plataforma de concienciaci\u00f3n sanitaria en redes sociales para madres y aspira a trasladar a Siria programas de chequeos infantiles y atenci\u00f3n prenatal, so\u00f1ando con crear un centro maternoinfantil especializado.<\/p>\n\n\n\n<p>Aunque muchos expresan su deseo de contribuir a la reconstrucci\u00f3n tras la Liberaci\u00f3n, la decisi\u00f3n de regresar depende de factores como seguridad, servicios b\u00e1sicos y estabilidad familiar.<br>&#8212; NNN-SANA<\/p>\n","protected":false},"excerpt":{"rendered":"<p>BERL\u00cdN, 10 mar (NNN-SANA) &#8212; Los m\u00e9dicos sirios en Alemania forman una de las mayores comunidades m\u00e9dicas extranjeras del pa\u00eds, con cerca de 10.000 profesionales que trabajan en hospitales y centros de salud, mientras mantienen v\u00ednculos con Siria mediante iniciativas de voluntariado y asociaciones profesionales, en medio del debate sobre su posible regreso para contribuir [&hellip;]<\/p>\n","protected":false},"author":2,"featured_media":147484,"comment_status":"closed","ping_status":"closed","sticky":false,"template":"","format":"standard","meta":[],"categories":[211,271,275],"tags":[],"_links":{"self":[{"href":"http:\/\/www.namnewsnetwork.org\/es\/index.php?rest_route=\/wp\/v2\/posts\/147454"}],"collection":[{"href":"http:\/\/www.namnewsnetwork.org\/es\/index.php?rest_route=\/wp\/v2\/posts"}],"about":[{"href":"http:\/\/www.namnewsnetwork.org\/es\/index.php?rest_route=\/wp\/v2\/types\/post"}],"author":[{"embeddable":true,"href":"http:\/\/www.namnewsnetwork.org\/es\/index.php?rest_route=\/wp\/v2\/users\/2"}],"replies":[{"embeddable":true,"href":"http:\/\/www.namnewsnetwork.org\/es\/index.php?rest_route=%2Fwp%2Fv2%2Fcomments&post=147454"}],"version-history":[{"count":3,"href":"http:\/\/www.namnewsnetwork.org\/es\/index.php?rest_route=\/wp\/v2\/posts\/147454\/revisions"}],"predecessor-version":[{"id":147485,"href":"http:\/\/www.namnewsnetwork.org\/es\/index.php?rest_route=\/wp\/v2\/posts\/147454\/revisions\/147485"}],"wp:featuredmedia":[{"embeddable":true,"href":"http:\/\/www.namnewsnetwork.org\/es\/index.php?rest_route=\/wp\/v2\/media\/147484"}],"wp:attachment":[{"href":"http:\/\/www.namnewsnetwork.org\/es\/index.php?rest_route=%2Fwp%2Fv2%2Fmedia&parent=147454"}],"wp:term":[{"taxonomy":"category","embeddable":true,"href":"http:\/\/www.namnewsnetwork.org\/es\/index.php?rest_route=%2Fwp%2Fv2%2Fcategories&post=147454"},{"taxonomy":"post_tag","embeddable":true,"href":"http:\/\/www.namnewsnetwork.org\/es\/index.php?rest_route=%2Fwp%2Fv2%2Ftags&post=147454"}],"curies":[{"name":"wp","href":"https:\/\/api.w.org\/{rel}","templated":true}]}}