{"id":147384,"date":"2026-03-09T09:28:00","date_gmt":"2026-03-09T01:28:00","guid":{"rendered":"http:\/\/www.namnewsnetwork.org\/es\/?p=147384"},"modified":"2026-03-09T07:06:39","modified_gmt":"2026-03-08T23:06:39","slug":"mexico-evacua-a-629-ciudadanos-de-medio-oriente-ante-escalada-del-conflicto-tras-ofensiva-contra-iran","status":"publish","type":"post","link":"http:\/\/www.namnewsnetwork.org\/es\/?p=147384","title":{"rendered":"M\u00e9xico evac\u00faa a 629 ciudadanos de Medio Oriente ante escalada del conflicto tras ofensiva contra Ir\u00e1n"},"content":{"rendered":"\n<p>CIUDAD DE M\u00c9XICO, 9 mar (NNN-TELESUR) &#8212; El gobierno de M\u00e9xico anunci\u00f3 la evacuaci\u00f3n de 629 ciudadanos mexicanos desde Israel, Jordania, Emiratos \u00c1rabes Unidos, Ir\u00e1n, L\u00edbano y Qatar, en el marco de la creciente escalada del conflicto en Medio Oriente tras la ofensiva conjunta de Estados Unidos e Israel contra Ir\u00e1n iniciada el 28 de febrero, inform\u00f3 la Canciller\u00eda.<\/p>\n\n\n\n<div class=\"wp-block-image\"><figure class=\"alignleft size-large is-resized\"><img loading=\"lazy\" src=\"http:\/\/www.namnewsnetwork.org\/es\/wp-content\/uploads\/2026\/03\/Mexico-evacua-a-sus-ciudadanos-ante-ofensiva-en-Medio-Oriente-1024x640.jpg\" alt=\"\" class=\"wp-image-147431\" width=\"454\" height=\"283\" srcset=\"http:\/\/www.namnewsnetwork.org\/es\/wp-content\/uploads\/2026\/03\/Mexico-evacua-a-sus-ciudadanos-ante-ofensiva-en-Medio-Oriente-1024x640.jpg 1024w, http:\/\/www.namnewsnetwork.org\/es\/wp-content\/uploads\/2026\/03\/Mexico-evacua-a-sus-ciudadanos-ante-ofensiva-en-Medio-Oriente-300x188.jpg 300w, http:\/\/www.namnewsnetwork.org\/es\/wp-content\/uploads\/2026\/03\/Mexico-evacua-a-sus-ciudadanos-ante-ofensiva-en-Medio-Oriente-768x480.jpg 768w, http:\/\/www.namnewsnetwork.org\/es\/wp-content\/uploads\/2026\/03\/Mexico-evacua-a-sus-ciudadanos-ante-ofensiva-en-Medio-Oriente-556x346.jpg 556w, http:\/\/www.namnewsnetwork.org\/es\/wp-content\/uploads\/2026\/03\/Mexico-evacua-a-sus-ciudadanos-ante-ofensiva-en-Medio-Oriente.jpg 1110w\" sizes=\"(max-width: 454px) 100vw, 454px\" \/><figcaption><em><sup>Foto: Gobierno de M\u00e9xico\/Archivo<\/sup><\/em><\/figcaption><\/figure><\/div>\n\n\n\n<p>Los connacionales fueron trasladados inicialmente por v\u00eda terrestre hacia naciones con espacio a\u00e9reo abierto, desde donde pudieron acceder a vuelos con destino a M\u00e9xico. Las autoridades destacaron que hasta el momento no se han registrado v\u00edctimas mortales entre los mexicanos evacuados.<\/p>\n\n\n\n<p>Desde el s\u00e1bado, la Embajada de M\u00e9xico en Bak\u00fa asumi\u00f3 funciones de coordinaci\u00f3n, mientras el resto de las sedes diplom\u00e1ticas en la regi\u00f3n permanecen en alerta permanente en contacto con las autoridades mexicanas. La Canciller\u00eda exhort\u00f3 a los ciudadanos a evitar cualquier viaje hacia las zonas de conflicto.<\/p>\n\n\n\n<p>La decisi\u00f3n de repatriar a los mexicanos se produjo tras la agresi\u00f3n militar que ha dejado m\u00e1s de 1.300 v\u00edctimas en Ir\u00e1n, incluyendo el asesinato del l\u00edder supremo Al\u00ed Jamenei, y la destrucci\u00f3n de m\u00faltiples instalaciones civiles como escuelas y hospitales.<br>&#8212; NNN-TELESUR<\/p>\n","protected":false},"excerpt":{"rendered":"<p>CIUDAD DE M\u00c9XICO, 9 mar (NNN-TELESUR) &#8212; El gobierno de M\u00e9xico anunci\u00f3 la evacuaci\u00f3n de 629 ciudadanos mexicanos desde Israel, Jordania, Emiratos \u00c1rabes Unidos, Ir\u00e1n, L\u00edbano y Qatar, en el marco de la creciente escalada del conflicto en Medio Oriente tras la ofensiva conjunta de Estados Unidos e Israel contra Ir\u00e1n iniciada el 28 de [&hellip;]<\/p>\n","protected":false},"author":2,"featured_media":147431,"comment_status":"closed","ping_status":"closed","sticky":false,"template":"","format":"standard","meta":[],"categories":[215,277,211],"tags":[],"_links":{"self":[{"href":"http:\/\/www.namnewsnetwork.org\/es\/index.php?rest_route=\/wp\/v2\/posts\/147384"}],"collection":[{"href":"http:\/\/www.namnewsnetwork.org\/es\/index.php?rest_route=\/wp\/v2\/posts"}],"about":[{"href":"http:\/\/www.namnewsnetwork.org\/es\/index.php?rest_route=\/wp\/v2\/types\/post"}],"author":[{"embeddable":true,"href":"http:\/\/www.namnewsnetwork.org\/es\/index.php?rest_route=\/wp\/v2\/users\/2"}],"replies":[{"embeddable":true,"href":"http:\/\/www.namnewsnetwork.org\/es\/index.php?rest_route=%2Fwp%2Fv2%2Fcomments&post=147384"}],"version-history":[{"count":1,"href":"http:\/\/www.namnewsnetwork.org\/es\/index.php?rest_route=\/wp\/v2\/posts\/147384\/revisions"}],"predecessor-version":[{"id":147432,"href":"http:\/\/www.namnewsnetwork.org\/es\/index.php?rest_route=\/wp\/v2\/posts\/147384\/revisions\/147432"}],"wp:featuredmedia":[{"embeddable":true,"href":"http:\/\/www.namnewsnetwork.org\/es\/index.php?rest_route=\/wp\/v2\/media\/147431"}],"wp:attachment":[{"href":"http:\/\/www.namnewsnetwork.org\/es\/index.php?rest_route=%2Fwp%2Fv2%2Fmedia&parent=147384"}],"wp:term":[{"taxonomy":"category","embeddable":true,"href":"http:\/\/www.namnewsnetwork.org\/es\/index.php?rest_route=%2Fwp%2Fv2%2Fcategories&post=147384"},{"taxonomy":"post_tag","embeddable":true,"href":"http:\/\/www.namnewsnetwork.org\/es\/index.php?rest_route=%2Fwp%2Fv2%2Ftags&post=147384"}],"curies":[{"name":"wp","href":"https:\/\/api.w.org\/{rel}","templated":true}]}}