{"id":147283,"date":"2026-03-09T08:28:00","date_gmt":"2026-03-09T00:28:00","guid":{"rendered":"http:\/\/www.namnewsnetwork.org\/es\/?p=147283"},"modified":"2026-03-08T16:25:30","modified_gmt":"2026-03-08T08:25:30","slug":"bielorrusia-y-cuba-discuten-mecanismos-para-implementar-acuerdos-bilaterales","status":"publish","type":"post","link":"http:\/\/www.namnewsnetwork.org\/es\/?p=147283","title":{"rendered":"Bielorrusia y Cuba discuten mecanismos para implementar acuerdos bilaterales"},"content":{"rendered":"\n<p>LA HABANA, 9 mar (NNN-BELTA) &#8212; El embajador de Bielorrusia en Cuba, Vitali Borchuk, se reuni\u00f3 con el presidente de la C\u00e1mara de Comercio de Cuba, Antonio Carricarte, para analizar el estado y las perspectivas de ampliaci\u00f3n de la interacci\u00f3n bilateral en materia comercial y econ\u00f3mica, inform\u00f3 la misi\u00f3n diplom\u00e1tica bielorrusa.<\/p>\n\n\n\n<div class=\"wp-block-image\"><figure class=\"aligncenter size-large\"><img loading=\"lazy\" width=\"1024\" height=\"640\" src=\"http:\/\/www.namnewsnetwork.org\/es\/wp-content\/uploads\/2026\/03\/Belarus-y-Cuba-discutieron-mecanismos-para-implementar-acuerdos-1024x640.png\" alt=\"\" class=\"wp-image-147366\" srcset=\"http:\/\/www.namnewsnetwork.org\/es\/wp-content\/uploads\/2026\/03\/Belarus-y-Cuba-discutieron-mecanismos-para-implementar-acuerdos-1024x640.png 1024w, http:\/\/www.namnewsnetwork.org\/es\/wp-content\/uploads\/2026\/03\/Belarus-y-Cuba-discutieron-mecanismos-para-implementar-acuerdos-300x188.png 300w, http:\/\/www.namnewsnetwork.org\/es\/wp-content\/uploads\/2026\/03\/Belarus-y-Cuba-discutieron-mecanismos-para-implementar-acuerdos-768x480.png 768w, http:\/\/www.namnewsnetwork.org\/es\/wp-content\/uploads\/2026\/03\/Belarus-y-Cuba-discutieron-mecanismos-para-implementar-acuerdos.png 1110w\" sizes=\"(max-width: 1024px) 100vw, 1024px\" \/><figcaption><em><sup>Foto: belta.by<\/sup><\/em><\/figcaption><\/figure><\/div>\n\n\n\n<p>Durante las negociaciones, las partes examinaron los suministros de productos bielorrusos al mercado cubano y la cooperaci\u00f3n en \u00e1reas prioritarias como seguridad alimentaria, mecanizaci\u00f3n agr\u00edcola, extracci\u00f3n de minerales y acceso a medicamentos de calidad.<\/p>\n\n\n\n<p>Ambas partes confirmaron su disposici\u00f3n a desarrollar una asociaci\u00f3n estrat\u00e9gica mutuamente beneficiosa a largo plazo y discutieron el estado de implementaci\u00f3n de los acuerdos alcanzados en 2025. Asimismo, determinaron las direcciones para el trabajo futuro en el marco del consejo empresarial de las C\u00e1maras de Comercio y la comisi\u00f3n mixta bielorruso-cubana para la cooperaci\u00f3n comercial y econ\u00f3mica.<br>&#8212; NNN-BELTA<\/p>\n","protected":false},"excerpt":{"rendered":"<p>LA HABANA, 9 mar (NNN-BELTA) &#8212; El embajador de Bielorrusia en Cuba, Vitali Borchuk, se reuni\u00f3 con el presidente de la C\u00e1mara de Comercio de Cuba, Antonio Carricarte, para analizar el estado y las perspectivas de ampliaci\u00f3n de la interacci\u00f3n bilateral en materia comercial y econ\u00f3mica, inform\u00f3 la misi\u00f3n diplom\u00e1tica bielorrusa. Durante las negociaciones, las [&hellip;]<\/p>\n","protected":false},"author":2,"featured_media":147366,"comment_status":"closed","ping_status":"closed","sticky":false,"template":"","format":"standard","meta":[],"categories":[209,210,278,211],"tags":[],"_links":{"self":[{"href":"http:\/\/www.namnewsnetwork.org\/es\/index.php?rest_route=\/wp\/v2\/posts\/147283"}],"collection":[{"href":"http:\/\/www.namnewsnetwork.org\/es\/index.php?rest_route=\/wp\/v2\/posts"}],"about":[{"href":"http:\/\/www.namnewsnetwork.org\/es\/index.php?rest_route=\/wp\/v2\/types\/post"}],"author":[{"embeddable":true,"href":"http:\/\/www.namnewsnetwork.org\/es\/index.php?rest_route=\/wp\/v2\/users\/2"}],"replies":[{"embeddable":true,"href":"http:\/\/www.namnewsnetwork.org\/es\/index.php?rest_route=%2Fwp%2Fv2%2Fcomments&post=147283"}],"version-history":[{"count":3,"href":"http:\/\/www.namnewsnetwork.org\/es\/index.php?rest_route=\/wp\/v2\/posts\/147283\/revisions"}],"predecessor-version":[{"id":147367,"href":"http:\/\/www.namnewsnetwork.org\/es\/index.php?rest_route=\/wp\/v2\/posts\/147283\/revisions\/147367"}],"wp:featuredmedia":[{"embeddable":true,"href":"http:\/\/www.namnewsnetwork.org\/es\/index.php?rest_route=\/wp\/v2\/media\/147366"}],"wp:attachment":[{"href":"http:\/\/www.namnewsnetwork.org\/es\/index.php?rest_route=%2Fwp%2Fv2%2Fmedia&parent=147283"}],"wp:term":[{"taxonomy":"category","embeddable":true,"href":"http:\/\/www.namnewsnetwork.org\/es\/index.php?rest_route=%2Fwp%2Fv2%2Fcategories&post=147283"},{"taxonomy":"post_tag","embeddable":true,"href":"http:\/\/www.namnewsnetwork.org\/es\/index.php?rest_route=%2Fwp%2Fv2%2Ftags&post=147283"}],"curies":[{"name":"wp","href":"https:\/\/api.w.org\/{rel}","templated":true}]}}