{"id":147208,"date":"2026-03-07T10:43:19","date_gmt":"2026-03-07T02:43:19","guid":{"rendered":"http:\/\/www.namnewsnetwork.org\/es\/?p=147208"},"modified":"2026-03-07T10:43:29","modified_gmt":"2026-03-07T02:43:29","slug":"corteidh-condena-a-peru-por-esterilizacion-forzada-durante-gobierno-de-fujimori","status":"publish","type":"post","link":"http:\/\/www.namnewsnetwork.org\/es\/?p=147208","title":{"rendered":"CorteIDH condena a Per\u00fa por esterilizaci\u00f3n forzada durante gobierno de Fujimori"},"content":{"rendered":"\n<p>SAN JOS\u00c9, 7 mar (NNN-TELESUR) &#8212; La Corte Interamericana de Derechos Humanos (CorteIDH) conden\u00f3 el jueves al Estado peruano por la esterilizaci\u00f3n forzada y posterior muerte de Celia Edith Ramos Durand en 1997, en hechos ocurridos durante el gobierno de Alberto Fujimori, calificando el procedimiento como un caso de &#8220;violencia reproductiva&#8221; dentro de una pol\u00edtica estatal.<\/p>\n\n\n\n<p>En su sentencia, el tribunal determin\u00f3 que Ramos Durand, de 34 a\u00f1os, &#8220;fue presionada por personal de salud para someterse a una ligadura de trompas&#8221; en un establecimiento que &#8220;no contaba con los equipos ni medicamentos necesarios para una adecuada evaluaci\u00f3n de riesgos&#8221;. La mujer falleci\u00f3 tras entrar en coma como consecuencia de la intervenci\u00f3n.<\/p>\n\n\n\n<p>La CorteIDH concluy\u00f3 que el Estado peruano vulner\u00f3 los derechos a la vida, integridad personal, libertad personal, vida privada, acceso a la informaci\u00f3n, a la familia, igualdad ante la ley y a la salud. Constat\u00f3 que el Programa Nacional de Salud Reproductiva y Planificaci\u00f3n Familiar &#8220;fue una pol\u00edtica estatal dirigida a promover la esterilizaci\u00f3n masiva, enfocado principalmente en mujeres en situaci\u00f3n de vulnerabilidad&#8221;, organizada desde los m\u00e1s altos niveles del Estado.<\/p>\n\n\n\n<p>El programa impulsado por Fujimori deriv\u00f3 en m\u00e1s de 314.000 esterilizaciones de mujeres y 24.000 de hombres, muchas bajo coacci\u00f3n y sin consentimiento v\u00e1lido, afectando principalmente a mujeres ind\u00edgenas y en condici\u00f3n de pobreza.<br>&#8212; NNN-TELESUR<\/p>\n","protected":false},"excerpt":{"rendered":"<p>SAN JOS\u00c9, 7 mar (NNN-TELESUR) &#8212; La Corte Interamericana de Derechos Humanos (CorteIDH) conden\u00f3 el jueves al Estado peruano por la esterilizaci\u00f3n forzada y posterior muerte de Celia Edith Ramos Durand en 1997, en hechos ocurridos durante el gobierno de Alberto Fujimori, calificando el procedimiento como un caso de &#8220;violencia reproductiva&#8221; dentro de una pol\u00edtica [&hellip;]<\/p>\n","protected":false},"author":2,"featured_media":0,"comment_status":"closed","ping_status":"closed","sticky":false,"template":"","format":"standard","meta":[],"categories":[215,211],"tags":[],"_links":{"self":[{"href":"http:\/\/www.namnewsnetwork.org\/es\/index.php?rest_route=\/wp\/v2\/posts\/147208"}],"collection":[{"href":"http:\/\/www.namnewsnetwork.org\/es\/index.php?rest_route=\/wp\/v2\/posts"}],"about":[{"href":"http:\/\/www.namnewsnetwork.org\/es\/index.php?rest_route=\/wp\/v2\/types\/post"}],"author":[{"embeddable":true,"href":"http:\/\/www.namnewsnetwork.org\/es\/index.php?rest_route=\/wp\/v2\/users\/2"}],"replies":[{"embeddable":true,"href":"http:\/\/www.namnewsnetwork.org\/es\/index.php?rest_route=%2Fwp%2Fv2%2Fcomments&post=147208"}],"version-history":[{"count":1,"href":"http:\/\/www.namnewsnetwork.org\/es\/index.php?rest_route=\/wp\/v2\/posts\/147208\/revisions"}],"predecessor-version":[{"id":147230,"href":"http:\/\/www.namnewsnetwork.org\/es\/index.php?rest_route=\/wp\/v2\/posts\/147208\/revisions\/147230"}],"wp:attachment":[{"href":"http:\/\/www.namnewsnetwork.org\/es\/index.php?rest_route=%2Fwp%2Fv2%2Fmedia&parent=147208"}],"wp:term":[{"taxonomy":"category","embeddable":true,"href":"http:\/\/www.namnewsnetwork.org\/es\/index.php?rest_route=%2Fwp%2Fv2%2Fcategories&post=147208"},{"taxonomy":"post_tag","embeddable":true,"href":"http:\/\/www.namnewsnetwork.org\/es\/index.php?rest_route=%2Fwp%2Fv2%2Ftags&post=147208"}],"curies":[{"name":"wp","href":"https:\/\/api.w.org\/{rel}","templated":true}]}}