{"id":147206,"date":"2026-03-07T10:39:07","date_gmt":"2026-03-07T02:39:07","guid":{"rendered":"http:\/\/www.namnewsnetwork.org\/es\/?p=147206"},"modified":"2026-03-07T10:39:59","modified_gmt":"2026-03-07T02:39:59","slug":"ecuador-declara-emergencia-en-principal-refineria-de-esmeraldas-tras-incendio","status":"publish","type":"post","link":"http:\/\/www.namnewsnetwork.org\/es\/?p=147206","title":{"rendered":"Ecuador declara emergencia en principal refiner\u00eda de Esmeraldas tras incendio"},"content":{"rendered":"\n<p>QUITO, 7 mar (NNN-ANDINA) &#8212; El gobierno de Ecuador declar\u00f3 en emergencia a su principal refiner\u00eda de crudo, la Refiner\u00eda de Esmeraldas, debido a un incendio ocurrido el domingo que oblig\u00f3 a detener completamente las operaciones, inform\u00f3 el jueves la estatal Petroecuador.<\/p>\n\n\n\n<div class=\"wp-block-image\"><figure class=\"aligncenter size-large\"><img loading=\"lazy\" width=\"1024\" height=\"640\" src=\"http:\/\/www.namnewsnetwork.org\/es\/wp-content\/uploads\/2026\/03\/Ecuador-declara-emergencia-por-reciente-incendio-en-su-principal-refineria-de-crudo-1024x640.jpg\" alt=\"\" class=\"wp-image-147249\" srcset=\"http:\/\/www.namnewsnetwork.org\/es\/wp-content\/uploads\/2026\/03\/Ecuador-declara-emergencia-por-reciente-incendio-en-su-principal-refineria-de-crudo-1024x640.jpg 1024w, http:\/\/www.namnewsnetwork.org\/es\/wp-content\/uploads\/2026\/03\/Ecuador-declara-emergencia-por-reciente-incendio-en-su-principal-refineria-de-crudo-300x188.jpg 300w, http:\/\/www.namnewsnetwork.org\/es\/wp-content\/uploads\/2026\/03\/Ecuador-declara-emergencia-por-reciente-incendio-en-su-principal-refineria-de-crudo-768x480.jpg 768w, http:\/\/www.namnewsnetwork.org\/es\/wp-content\/uploads\/2026\/03\/Ecuador-declara-emergencia-por-reciente-incendio-en-su-principal-refineria-de-crudo.jpg 1110w\" sizes=\"(max-width: 1024px) 100vw, 1024px\" \/><figcaption><em><sup>Vista panor\u00e1mica de la refiner\u00eda de Esmeraldas, en Ecuador. (Foto: El Comercio-Ecuador\/X)<\/sup><\/em><\/figcaption><\/figure><\/div>\n\n\n\n<p>La declaratoria permitir\u00e1 ejecutar &#8220;las acciones necesarias para mitigar los efectos del incidente y restablecer plenamente las operaciones&#8221;, se\u00f1al\u00f3 la petrolera en un comunicado, agilizando contratos destinados a la reparaci\u00f3n de da\u00f1os. El incendio, que estuvo activo durante casi dos horas, no dej\u00f3 muertos ni heridos y las causas siguen bajo investigaci\u00f3n.<\/p>\n\n\n\n<p>Se espera que las unidades afectadas vuelvan a funcionar a mediados de marzo e inicios de mayo. Es el segundo incendio en un mes en la refiner\u00eda, ubicada en la provincia fronteriza con Colombia.<\/p>\n\n\n\n<p>La Refiner\u00eda Esmeraldas, construida hace m\u00e1s de 40 a\u00f1os, tiene una capacidad operativa de 110.000 barriles diarios y es el centro refinador m\u00e1s grande del pa\u00eds. Ecuador cuenta adem\u00e1s con refiner\u00edas en La Libertad (suroeste) y Shushufindi (noreste). En mayo de 2025, la refiner\u00eda ya hab\u00eda suspendido operaciones por el incendio de un tanque de almacenamiento de fueloil.<br>&#8212; NNN-ANDINA<\/p>\n","protected":false},"excerpt":{"rendered":"<p>QUITO, 7 mar (NNN-ANDINA) &#8212; El gobierno de Ecuador declar\u00f3 en emergencia a su principal refiner\u00eda de crudo, la Refiner\u00eda de Esmeraldas, debido a un incendio ocurrido el domingo que oblig\u00f3 a detener completamente las operaciones, inform\u00f3 el jueves la estatal Petroecuador. La declaratoria permitir\u00e1 ejecutar &#8220;las acciones necesarias para mitigar los efectos del incidente [&hellip;]<\/p>\n","protected":false},"author":2,"featured_media":147249,"comment_status":"closed","ping_status":"closed","sticky":false,"template":"","format":"standard","meta":[],"categories":[215,211,273],"tags":[],"_links":{"self":[{"href":"http:\/\/www.namnewsnetwork.org\/es\/index.php?rest_route=\/wp\/v2\/posts\/147206"}],"collection":[{"href":"http:\/\/www.namnewsnetwork.org\/es\/index.php?rest_route=\/wp\/v2\/posts"}],"about":[{"href":"http:\/\/www.namnewsnetwork.org\/es\/index.php?rest_route=\/wp\/v2\/types\/post"}],"author":[{"embeddable":true,"href":"http:\/\/www.namnewsnetwork.org\/es\/index.php?rest_route=\/wp\/v2\/users\/2"}],"replies":[{"embeddable":true,"href":"http:\/\/www.namnewsnetwork.org\/es\/index.php?rest_route=%2Fwp%2Fv2%2Fcomments&post=147206"}],"version-history":[{"count":2,"href":"http:\/\/www.namnewsnetwork.org\/es\/index.php?rest_route=\/wp\/v2\/posts\/147206\/revisions"}],"predecessor-version":[{"id":147250,"href":"http:\/\/www.namnewsnetwork.org\/es\/index.php?rest_route=\/wp\/v2\/posts\/147206\/revisions\/147250"}],"wp:featuredmedia":[{"embeddable":true,"href":"http:\/\/www.namnewsnetwork.org\/es\/index.php?rest_route=\/wp\/v2\/media\/147249"}],"wp:attachment":[{"href":"http:\/\/www.namnewsnetwork.org\/es\/index.php?rest_route=%2Fwp%2Fv2%2Fmedia&parent=147206"}],"wp:term":[{"taxonomy":"category","embeddable":true,"href":"http:\/\/www.namnewsnetwork.org\/es\/index.php?rest_route=%2Fwp%2Fv2%2Fcategories&post=147206"},{"taxonomy":"post_tag","embeddable":true,"href":"http:\/\/www.namnewsnetwork.org\/es\/index.php?rest_route=%2Fwp%2Fv2%2Ftags&post=147206"}],"curies":[{"name":"wp","href":"https:\/\/api.w.org\/{rel}","templated":true}]}}