{"id":147196,"date":"2026-03-07T10:24:38","date_gmt":"2026-03-07T02:24:38","guid":{"rendered":"http:\/\/www.namnewsnetwork.org\/es\/?p=147196"},"modified":"2026-03-07T10:24:49","modified_gmt":"2026-03-07T02:24:49","slug":"venezuela-y-estados-unidos-restablecen-relaciones-diplomaticas-y-consulares-tras-siete-anos-de-ruptura","status":"publish","type":"post","link":"http:\/\/www.namnewsnetwork.org\/es\/?p=147196","title":{"rendered":"Venezuela y Estados Unidos restablecen relaciones diplom\u00e1ticas y consulares tras siete a\u00f1os de ruptura"},"content":{"rendered":"\n<p>CARACAS, 7 mar (NNN-CUBADEBATE) &#8212; Los gobiernos de Venezuela y Estados Unidos decidieron restablecer sus relaciones diplom\u00e1ticas y consulares a partir del jueves 5 de marzo, tras un &#8220;di\u00e1logo diplom\u00e1tico establecido con las autoridades de los Estados Unidos de Am\u00e9rica&#8221;, anunci\u00f3 el Gobierno Bolivariano en un comunicado difundido por el canciller Yv\u00e1n Gil.<\/p>\n\n\n\n<div class=\"wp-block-image\"><figure class=\"aligncenter size-large\"><img loading=\"lazy\" width=\"1024\" height=\"640\" src=\"http:\/\/www.namnewsnetwork.org\/es\/wp-content\/uploads\/2026\/03\/2026-03-06T014907Z_2088562030_RC2UXJA15AJH_RTRMADP_3_USA-VENEZUELA-RELATIONS-1024x640.jpg\" alt=\"\" class=\"wp-image-147243\" srcset=\"http:\/\/www.namnewsnetwork.org\/es\/wp-content\/uploads\/2026\/03\/2026-03-06T014907Z_2088562030_RC2UXJA15AJH_RTRMADP_3_USA-VENEZUELA-RELATIONS-1024x640.jpg 1024w, http:\/\/www.namnewsnetwork.org\/es\/wp-content\/uploads\/2026\/03\/2026-03-06T014907Z_2088562030_RC2UXJA15AJH_RTRMADP_3_USA-VENEZUELA-RELATIONS-300x188.jpg 300w, http:\/\/www.namnewsnetwork.org\/es\/wp-content\/uploads\/2026\/03\/2026-03-06T014907Z_2088562030_RC2UXJA15AJH_RTRMADP_3_USA-VENEZUELA-RELATIONS-768x480.jpg 768w, http:\/\/www.namnewsnetwork.org\/es\/wp-content\/uploads\/2026\/03\/2026-03-06T014907Z_2088562030_RC2UXJA15AJH_RTRMADP_3_USA-VENEZUELA-RELATIONS.jpg 1110w\" sizes=\"(max-width: 1024px) 100vw, 1024px\" \/><figcaption><em><sup>La presidenta interina de Venezuela, Delcy Rodr\u00edguez, se re\u00fane con el secretario del Interior de Estados Unidos, Doug Burgum, en Caracas, Venezuela, el 4 de marzo de 2026. (Foto: REUTERS\/Leonardo Fern\u00e1ndez Viloria)<\/sup><\/em><\/figcaption><\/figure><\/div>\n\n\n\n<p>La nota se\u00f1ala que Venezuela reafirma &#8220;su disposici\u00f3n de avanzar en una nueva etapa de di\u00e1logo constructivo, basada en el respeto mutuo, la igualdad soberana de los Estados y la cooperaci\u00f3n entre nuestros pueblos&#8221;. Caracas expres\u00f3 su confianza en que este proceso &#8220;contribuir\u00e1 a fortalecer el entendimiento y abrir oportunidades para una relaci\u00f3n positiva y de beneficio compartido&#8221;, que debe redundar en &#8220;la felicidad social y econ\u00f3mica del pueblo venezolano&#8221;.<\/p>\n\n\n\n<p>El Departamento de Estado de EE.UU. inform\u00f3 que las autoridades interinas de ambos pa\u00edses acordaron la medida, que &#8220;facilitar\u00e1 nuestros esfuerzos conjuntos para promover la estabilidad, apoyar la recuperaci\u00f3n econ\u00f3mica y avanzar en la reconciliaci\u00f3n pol\u00edtica en Venezuela&#8221;. Las conversaciones se centraron en crear condiciones para &#8220;una transici\u00f3n pac\u00edfica hacia un gobierno elegido democr\u00e1ticamente&#8221;.<\/p>\n\n\n\n<p>El presidente Donald Trump afirm\u00f3 que &#8220;Venezuela se encuentra en una situaci\u00f3n excelente&#8221; y calific\u00f3 a la presidenta interina Delcy Rodr\u00edguez como &#8220;una persona maravillosa&#8221;. La reanudaci\u00f3n de nexos se dio durante la visita a Caracas del secretario de Interior de EE.UU., Doug Burgum, que propici\u00f3 acuerdos en el sector energ\u00e9tico.<\/p>\n\n\n\n<p>La ruptura de relaciones se produjo en febrero de 2019, cuando Trump respald\u00f3 al opositor Juan Guaid\u00f3. El acercamiento ocurre tras el secuestro del presidente Nicol\u00e1s Maduro por un comando estadounidense el 3 de enero.<br>&#8212; NNN-CUBADEBATE<\/p>\n","protected":false},"excerpt":{"rendered":"<p>CARACAS, 7 mar (NNN-CUBADEBATE) &#8212; Los gobiernos de Venezuela y Estados Unidos decidieron restablecer sus relaciones diplom\u00e1ticas y consulares a partir del jueves 5 de marzo, tras un &#8220;di\u00e1logo diplom\u00e1tico establecido con las autoridades de los Estados Unidos de Am\u00e9rica&#8221;, anunci\u00f3 el Gobierno Bolivariano en un comunicado difundido por el canciller Yv\u00e1n Gil. La nota [&hellip;]<\/p>\n","protected":false},"author":2,"featured_media":147243,"comment_status":"closed","ping_status":"closed","sticky":false,"template":"","format":"standard","meta":[],"categories":[215,277,211],"tags":[],"_links":{"self":[{"href":"http:\/\/www.namnewsnetwork.org\/es\/index.php?rest_route=\/wp\/v2\/posts\/147196"}],"collection":[{"href":"http:\/\/www.namnewsnetwork.org\/es\/index.php?rest_route=\/wp\/v2\/posts"}],"about":[{"href":"http:\/\/www.namnewsnetwork.org\/es\/index.php?rest_route=\/wp\/v2\/types\/post"}],"author":[{"embeddable":true,"href":"http:\/\/www.namnewsnetwork.org\/es\/index.php?rest_route=\/wp\/v2\/users\/2"}],"replies":[{"embeddable":true,"href":"http:\/\/www.namnewsnetwork.org\/es\/index.php?rest_route=%2Fwp%2Fv2%2Fcomments&post=147196"}],"version-history":[{"count":3,"href":"http:\/\/www.namnewsnetwork.org\/es\/index.php?rest_route=\/wp\/v2\/posts\/147196\/revisions"}],"predecessor-version":[{"id":147244,"href":"http:\/\/www.namnewsnetwork.org\/es\/index.php?rest_route=\/wp\/v2\/posts\/147196\/revisions\/147244"}],"wp:featuredmedia":[{"embeddable":true,"href":"http:\/\/www.namnewsnetwork.org\/es\/index.php?rest_route=\/wp\/v2\/media\/147243"}],"wp:attachment":[{"href":"http:\/\/www.namnewsnetwork.org\/es\/index.php?rest_route=%2Fwp%2Fv2%2Fmedia&parent=147196"}],"wp:term":[{"taxonomy":"category","embeddable":true,"href":"http:\/\/www.namnewsnetwork.org\/es\/index.php?rest_route=%2Fwp%2Fv2%2Fcategories&post=147196"},{"taxonomy":"post_tag","embeddable":true,"href":"http:\/\/www.namnewsnetwork.org\/es\/index.php?rest_route=%2Fwp%2Fv2%2Ftags&post=147196"}],"curies":[{"name":"wp","href":"https:\/\/api.w.org\/{rel}","templated":true}]}}