{"id":147174,"date":"2026-03-06T13:34:34","date_gmt":"2026-03-06T05:34:34","guid":{"rendered":"http:\/\/www.namnewsnetwork.org\/es\/?p=147174"},"modified":"2026-03-06T13:34:36","modified_gmt":"2026-03-06T05:34:36","slug":"nicaragua-destaca-progreso-en-infraestructura-vial-con-5-740-kilometros-pavimentados-y-nuevos-proyectos-estrategicos","status":"publish","type":"post","link":"http:\/\/www.namnewsnetwork.org\/es\/?p=147174","title":{"rendered":"Nicaragua destaca progreso en infraestructura vial con 5.740 kil\u00f3metros pavimentados y nuevos proyectos estrat\u00e9gicos"},"content":{"rendered":"\n<p>MANAGUA, 6 mar (NNN-PRENSA LATINA) &#8212; El ministro de Transporte e Infraestructura de Nicaragua, \u00d3scar Mojica, resalt\u00f3 el mi\u00e9rcoles el avance del pa\u00eds en la construcci\u00f3n de carreteras y afirm\u00f3 que la naci\u00f3n vive &#8220;el mejor momento de su historia en infraestructura vial&#8221;, con 5.740 kil\u00f3metros de carreteras pavimentadas en buen estado, frente a solo 613 kil\u00f3metros en 2006.<\/p>\n\n\n\n<p>En declaraciones al programa Estudio TN8, Mojica anunci\u00f3 el avance decisivo de la Carretera Costanera del Pac\u00edfico Fase 1, el inicio de la Fase 2 y la ejecuci\u00f3n de cinco nuevos proyectos estrat\u00e9gicos con financiamiento aprobado. Para diciembre de 2026 se incorporar\u00e1n 134 kil\u00f3metros adicionales, cerrando el a\u00f1o con 5.874 kil\u00f3metros de v\u00edas modernas.<\/p>\n\n\n\n<p>La Carretera Costanera del Pac\u00edfico, proyecto estrella de 335 kil\u00f3metros totales, registra un avance del 63% en su Fase 1 (119 kil\u00f3metros). Los tramos Brito-El Astillero se inaugurar\u00e1n en abril y Tupilapa-Masachapa en junio, completando la primera fase. El titular destac\u00f3 el &#8220;boom&#8221; tur\u00edstico y econ\u00f3mico generado por el tramo inaugurado, con valorizaci\u00f3n de tierras y dinamismo en inversiones hoteleras.<\/p>\n\n\n\n<p>Otros proyectos previstos para 2026 incluyen Wanawana-San Pedro del Norte (64 kil\u00f3metros) y Villa Revoluci\u00f3n-Masig\u00fce (12 kil\u00f3metros) en Boaco, que beneficiar\u00e1n la producci\u00f3n de carne, leche y granos b\u00e1sicos.<br>&#8212; NNN-PRENSA LATINA<\/p>\n","protected":false},"excerpt":{"rendered":"<p>MANAGUA, 6 mar (NNN-PRENSA LATINA) &#8212; El ministro de Transporte e Infraestructura de Nicaragua, \u00d3scar Mojica, resalt\u00f3 el mi\u00e9rcoles el avance del pa\u00eds en la construcci\u00f3n de carreteras y afirm\u00f3 que la naci\u00f3n vive &#8220;el mejor momento de su historia en infraestructura vial&#8221;, con 5.740 kil\u00f3metros de carreteras pavimentadas en buen estado, frente a solo [&hellip;]<\/p>\n","protected":false},"author":2,"featured_media":147175,"comment_status":"closed","ping_status":"closed","sticky":false,"template":"","format":"standard","meta":[],"categories":[215,277,209,211],"tags":[],"_links":{"self":[{"href":"http:\/\/www.namnewsnetwork.org\/es\/index.php?rest_route=\/wp\/v2\/posts\/147174"}],"collection":[{"href":"http:\/\/www.namnewsnetwork.org\/es\/index.php?rest_route=\/wp\/v2\/posts"}],"about":[{"href":"http:\/\/www.namnewsnetwork.org\/es\/index.php?rest_route=\/wp\/v2\/types\/post"}],"author":[{"embeddable":true,"href":"http:\/\/www.namnewsnetwork.org\/es\/index.php?rest_route=\/wp\/v2\/users\/2"}],"replies":[{"embeddable":true,"href":"http:\/\/www.namnewsnetwork.org\/es\/index.php?rest_route=%2Fwp%2Fv2%2Fcomments&post=147174"}],"version-history":[{"count":1,"href":"http:\/\/www.namnewsnetwork.org\/es\/index.php?rest_route=\/wp\/v2\/posts\/147174\/revisions"}],"predecessor-version":[{"id":147176,"href":"http:\/\/www.namnewsnetwork.org\/es\/index.php?rest_route=\/wp\/v2\/posts\/147174\/revisions\/147176"}],"wp:featuredmedia":[{"embeddable":true,"href":"http:\/\/www.namnewsnetwork.org\/es\/index.php?rest_route=\/wp\/v2\/media\/147175"}],"wp:attachment":[{"href":"http:\/\/www.namnewsnetwork.org\/es\/index.php?rest_route=%2Fwp%2Fv2%2Fmedia&parent=147174"}],"wp:term":[{"taxonomy":"category","embeddable":true,"href":"http:\/\/www.namnewsnetwork.org\/es\/index.php?rest_route=%2Fwp%2Fv2%2Fcategories&post=147174"},{"taxonomy":"post_tag","embeddable":true,"href":"http:\/\/www.namnewsnetwork.org\/es\/index.php?rest_route=%2Fwp%2Fv2%2Ftags&post=147174"}],"curies":[{"name":"wp","href":"https:\/\/api.w.org\/{rel}","templated":true}]}}