{"id":147057,"date":"2026-03-05T23:53:21","date_gmt":"2026-03-05T15:53:21","guid":{"rendered":"http:\/\/www.namnewsnetwork.org\/es\/?p=147057"},"modified":"2026-03-06T00:32:16","modified_gmt":"2026-03-05T16:32:16","slug":"gobierno-de-ecuador-expulsa-al-embajador-de-cuba-y-a-toda-la-mision-diplomatica","status":"publish","type":"post","link":"http:\/\/www.namnewsnetwork.org\/es\/?p=147057","title":{"rendered":"Gobierno de Ecuador expulsa al embajador de Cuba y a toda la misi\u00f3n diplom\u00e1tica"},"content":{"rendered":"\n<p>QUITO, 5 mar (NNN-ANDINA) &#8212; El gobierno de Ecuador expuls\u00f3 el mi\u00e9rcoles al embajador de Cuba en Quito, Basilio Guti\u00e9rrez, y le dio un plazo de 48 horas para abandonar el pa\u00eds junto a toda su misi\u00f3n diplom\u00e1tica, inform\u00f3 la canciller\u00eda.<\/p>\n\n\n\n<p>El presidente Daniel Noboa es un estrecho aliado en la regi\u00f3n del mandatario estadounidense Donald Trump, cuyo gobierno ha endurecido las medidas de bloqueo contra Cuba.<\/p>\n\n\n\n<p>El martes Ecuador orden\u00f3 terminar las funciones del embajador Jos\u00e9 Mar\u00eda Borja en La Habana.<\/p>\n\n\n\n<p>Sin detallar razones, la canciller\u00eda ecuatoriana declar\u00f3 persona &#8220;non grata a Guti\u00e9rrez y concedi\u00f3 &#8220;un plazo de 48 horas (\u2026) para que el Embajador y todos los funcionarios de esa Misi\u00f3n Diplom\u00e1tica abandonen el territorio nacional&#8221;, seg\u00fan un comunicado.<br>&#8212; NNN-ANDINA<\/p>\n","protected":false},"excerpt":{"rendered":"<p>QUITO, 5 mar (NNN-ANDINA) &#8212; El gobierno de Ecuador expuls\u00f3 el mi\u00e9rcoles al embajador de Cuba en Quito, Basilio Guti\u00e9rrez, y le dio un plazo de 48 horas para abandonar el pa\u00eds junto a toda su misi\u00f3n diplom\u00e1tica, inform\u00f3 la canciller\u00eda. El presidente Daniel Noboa es un estrecho aliado en la regi\u00f3n del mandatario estadounidense [&hellip;]<\/p>\n","protected":false},"author":2,"featured_media":0,"comment_status":"closed","ping_status":"closed","sticky":false,"template":"","format":"standard","meta":[],"categories":[215,211],"tags":[],"_links":{"self":[{"href":"http:\/\/www.namnewsnetwork.org\/es\/index.php?rest_route=\/wp\/v2\/posts\/147057"}],"collection":[{"href":"http:\/\/www.namnewsnetwork.org\/es\/index.php?rest_route=\/wp\/v2\/posts"}],"about":[{"href":"http:\/\/www.namnewsnetwork.org\/es\/index.php?rest_route=\/wp\/v2\/types\/post"}],"author":[{"embeddable":true,"href":"http:\/\/www.namnewsnetwork.org\/es\/index.php?rest_route=\/wp\/v2\/users\/2"}],"replies":[{"embeddable":true,"href":"http:\/\/www.namnewsnetwork.org\/es\/index.php?rest_route=%2Fwp%2Fv2%2Fcomments&post=147057"}],"version-history":[{"count":2,"href":"http:\/\/www.namnewsnetwork.org\/es\/index.php?rest_route=\/wp\/v2\/posts\/147057\/revisions"}],"predecessor-version":[{"id":147112,"href":"http:\/\/www.namnewsnetwork.org\/es\/index.php?rest_route=\/wp\/v2\/posts\/147057\/revisions\/147112"}],"wp:attachment":[{"href":"http:\/\/www.namnewsnetwork.org\/es\/index.php?rest_route=%2Fwp%2Fv2%2Fmedia&parent=147057"}],"wp:term":[{"taxonomy":"category","embeddable":true,"href":"http:\/\/www.namnewsnetwork.org\/es\/index.php?rest_route=%2Fwp%2Fv2%2Fcategories&post=147057"},{"taxonomy":"post_tag","embeddable":true,"href":"http:\/\/www.namnewsnetwork.org\/es\/index.php?rest_route=%2Fwp%2Fv2%2Ftags&post=147057"}],"curies":[{"name":"wp","href":"https:\/\/api.w.org\/{rel}","templated":true}]}}