{"id":147054,"date":"2026-03-05T23:51:17","date_gmt":"2026-03-05T15:51:17","guid":{"rendered":"http:\/\/www.namnewsnetwork.org\/es\/?p=147054"},"modified":"2026-04-01T00:28:57","modified_gmt":"2026-03-31T16:28:57","slug":"gremios-fronterizos-de-colombia-preparan-paro-indefinido-y-toma-del-puente-de-rumichaca","status":"publish","type":"post","link":"http:\/\/www.namnewsnetwork.org\/es\/?p=147054","title":{"rendered":"Gremios fronterizos de Colombia preparan paro indefinido y toma del Puente de Rumichaca"},"content":{"rendered":"\n<p>BOGOT\u00c1, 5 mar (NNN-TELESUR) &#8212; Importadores y gremios del comercio fronterizo anunciaron el mi\u00e9rcoles que tomar\u00e1n el Puente Internacional de Rumichaca y lanzar\u00e1n un paro indefinido como medida de presi\u00f3n, en respuesta a las recientes restricciones arancelarias impuestas entre Colombia y Ecuador.<\/p>\n\n\n\n<p>El anuncio fue realizado por \u00d3scar Obando, representante de la Asociaci\u00f3n de Comercio Exterior de Colombia, durante una entrevista en el medio Punto Noticias, donde advirti\u00f3 sobre la cr\u00edtica situaci\u00f3n que atraviesa el comercio en la zona fronteriza.<\/p>\n\n\n\n<p>Obando explic\u00f3 que el incremento de la llamada tasa de seguridad del 50% impuesta por Ecuador a productos colombianos, sumado a las medidas de respuesta del Gobierno colombiano, ha detenido pr\u00e1cticamente la actividad log\u00edstica en el paso fronterizo.<\/p>\n\n\n\n<p>\u201cAntes del conflicto comercial, entre 100 y 120 tractomulas cruzaban diariamente el puente de Rumichaca; ahora apenas circulan cuatro o cinco\u201d, se\u00f1al\u00f3. Seg\u00fan sus c\u00e1lculos, esto implica una ca\u00edda cercana al 90% del movimiento comercial, afectando directamente a cientos de trabajadores informales que dependen de la actividad diaria, como los coteros o braseros, encargados de cargar y descargar mercanc\u00eda en los centros log\u00edsticos.<\/p>\n\n\n\n<p>Ante la falta de avances en el di\u00e1logo bilateral, los gremios de ambos pa\u00edses recurrieron a la Comunidad Andina (CAN) para solicitar la revisi\u00f3n de las restricciones. El documento, firmado por importadores, c\u00e1maras de comercio y representantes del sector log\u00edstico, pide evaluar si las medidas adoptadas vulneran las normas andinas sobre libre comercio.<\/p>\n\n\n\n<p>Sin embargo, los comerciantes se\u00f1alaron que la CAN podr\u00eda tardar entre tres y cuatro meses en emitir un fallo, un tiempo que resulta impracticable para quienes viven del comercio diario.<\/p>\n\n\n\n<p>La protesta se prev\u00e9 una vez que finalice el actual proceso electoral en Colombia y podr\u00eda realizarse de manera coordinada con actores del comercio ecuatoriano. Seg\u00fan Obando, la medida se mantendr\u00e1 hasta que ambos gobiernos eliminen los aranceles y retomen el di\u00e1logo bilateral.<\/p>\n\n\n\n<p>Adem\u00e1s del paro, los importadores colombianos estudian emprender acciones legales contra los Gobiernos de Ecuador y Colombia por los da\u00f1os econ\u00f3micos ocasionados. Obando indic\u00f3 que varios empresarios trabajan con abogados especializados para cuantificar las p\u00e9rdidas y presentar demandas por los perjuicios sufridos.<br>&#8212; NNN-TELESUR<\/p>\n","protected":false},"excerpt":{"rendered":"<p>BOGOT\u00c1, 5 mar (NNN-TELESUR) &#8212; Importadores y gremios del comercio fronterizo anunciaron el mi\u00e9rcoles que tomar\u00e1n el Puente Internacional de Rumichaca y lanzar\u00e1n un paro indefinido como medida de presi\u00f3n, en respuesta a las recientes restricciones arancelarias impuestas entre Colombia y Ecuador. El anuncio fue realizado por \u00d3scar Obando, representante de la Asociaci\u00f3n de Comercio [&hellip;]<\/p>\n","protected":false},"author":2,"featured_media":0,"comment_status":"closed","ping_status":"closed","sticky":false,"template":"","format":"standard","meta":[],"categories":[215,211],"tags":[],"_links":{"self":[{"href":"http:\/\/www.namnewsnetwork.org\/es\/index.php?rest_route=\/wp\/v2\/posts\/147054"}],"collection":[{"href":"http:\/\/www.namnewsnetwork.org\/es\/index.php?rest_route=\/wp\/v2\/posts"}],"about":[{"href":"http:\/\/www.namnewsnetwork.org\/es\/index.php?rest_route=\/wp\/v2\/types\/post"}],"author":[{"embeddable":true,"href":"http:\/\/www.namnewsnetwork.org\/es\/index.php?rest_route=\/wp\/v2\/users\/2"}],"replies":[{"embeddable":true,"href":"http:\/\/www.namnewsnetwork.org\/es\/index.php?rest_route=%2Fwp%2Fv2%2Fcomments&post=147054"}],"version-history":[{"count":1,"href":"http:\/\/www.namnewsnetwork.org\/es\/index.php?rest_route=\/wp\/v2\/posts\/147054\/revisions"}],"predecessor-version":[{"id":147068,"href":"http:\/\/www.namnewsnetwork.org\/es\/index.php?rest_route=\/wp\/v2\/posts\/147054\/revisions\/147068"}],"wp:attachment":[{"href":"http:\/\/www.namnewsnetwork.org\/es\/index.php?rest_route=%2Fwp%2Fv2%2Fmedia&parent=147054"}],"wp:term":[{"taxonomy":"category","embeddable":true,"href":"http:\/\/www.namnewsnetwork.org\/es\/index.php?rest_route=%2Fwp%2Fv2%2Fcategories&post=147054"},{"taxonomy":"post_tag","embeddable":true,"href":"http:\/\/www.namnewsnetwork.org\/es\/index.php?rest_route=%2Fwp%2Fv2%2Ftags&post=147054"}],"curies":[{"name":"wp","href":"https:\/\/api.w.org\/{rel}","templated":true}]}}