{"id":146950,"date":"2026-03-04T12:20:18","date_gmt":"2026-03-04T04:20:18","guid":{"rendered":"http:\/\/www.namnewsnetwork.org\/es\/?p=146950"},"modified":"2026-03-04T12:20:20","modified_gmt":"2026-03-04T04:20:20","slug":"noboa-anuncia-operativos-con-paises-aliados-contra-crimen-organizado-y-toque-de-queda-en-cuatro-provincias-de-ecuador","status":"publish","type":"post","link":"http:\/\/www.namnewsnetwork.org\/es\/?p=146950","title":{"rendered":"Noboa anuncia operativos con pa\u00edses aliados contra crimen organizado y toque de queda en cuatro provincias de Ecuador"},"content":{"rendered":"\n<p>CARACAS, 4 mar (NNN-AVN) &#8212; El presidente de Ecuador, Daniel Noboa, anunci\u00f3 el lunes el inicio de operativos conjuntos con pa\u00edses aliados contra el crimen organizado, as\u00ed como la implementaci\u00f3n de toque de queda en cuatro provincias a partir del 15 de marzo, en el marco de una &#8220;nueva fase contra el narcoterrorismo y la miner\u00eda ilegal&#8221;.<\/p>\n\n\n\n<p>&#8220;Atacaremos las zonas de miner\u00eda ilegal y de narcotr\u00e1fico y acabaremos completamente con todos aquellos que prefieren la anarqu\u00eda y quieren un estado fallido a un pa\u00eds de paz&#8221;, declar\u00f3 Noboa durante un acto de graduaci\u00f3n de la Polic\u00eda Nacional.<\/p>\n\n\n\n<p>En su cuenta de X, el mandatario precis\u00f3: &#8220;En el mes de marzo haremos operaciones conjuntas con nuestros aliados de la regi\u00f3n, incluidos los Estados Unidos&#8221;. Asimismo, inform\u00f3 que desde el 15 de marzo a las 23:00 hasta el 30 de marzo a las 00:00 regir\u00e1 toque de queda en las provincias de Guayas, Los R\u00edos, Santo Domingo de los Ts\u00e1chilas y El Oro.<\/p>\n\n\n\n<p>El anuncio se produce tras la ampliaci\u00f3n por 30 d\u00edas del estado de excepci\u00f3n vigente desde enero en nueve provincias y tres cantones, decreto que no incluye toque de queda. Ecuador registr\u00f3 en 2025 la mayor cifra de muertes violentas de su historia, con m\u00e1s de 9.000 homicidios. Enero de 2026 cerr\u00f3 con 747 homicidios, 57 menos que en el mismo mes del a\u00f1o anterior.<br>&#8212; NNN-AVN<\/p>\n","protected":false},"excerpt":{"rendered":"<p>CARACAS, 4 mar (NNN-AVN) &#8212; El presidente de Ecuador, Daniel Noboa, anunci\u00f3 el lunes el inicio de operativos conjuntos con pa\u00edses aliados contra el crimen organizado, as\u00ed como la implementaci\u00f3n de toque de queda en cuatro provincias a partir del 15 de marzo, en el marco de una &#8220;nueva fase contra el narcoterrorismo y la [&hellip;]<\/p>\n","protected":false},"author":2,"featured_media":0,"comment_status":"closed","ping_status":"closed","sticky":false,"template":"","format":"standard","meta":[],"categories":[215,211],"tags":[],"_links":{"self":[{"href":"http:\/\/www.namnewsnetwork.org\/es\/index.php?rest_route=\/wp\/v2\/posts\/146950"}],"collection":[{"href":"http:\/\/www.namnewsnetwork.org\/es\/index.php?rest_route=\/wp\/v2\/posts"}],"about":[{"href":"http:\/\/www.namnewsnetwork.org\/es\/index.php?rest_route=\/wp\/v2\/types\/post"}],"author":[{"embeddable":true,"href":"http:\/\/www.namnewsnetwork.org\/es\/index.php?rest_route=\/wp\/v2\/users\/2"}],"replies":[{"embeddable":true,"href":"http:\/\/www.namnewsnetwork.org\/es\/index.php?rest_route=%2Fwp%2Fv2%2Fcomments&post=146950"}],"version-history":[{"count":1,"href":"http:\/\/www.namnewsnetwork.org\/es\/index.php?rest_route=\/wp\/v2\/posts\/146950\/revisions"}],"predecessor-version":[{"id":146970,"href":"http:\/\/www.namnewsnetwork.org\/es\/index.php?rest_route=\/wp\/v2\/posts\/146950\/revisions\/146970"}],"wp:attachment":[{"href":"http:\/\/www.namnewsnetwork.org\/es\/index.php?rest_route=%2Fwp%2Fv2%2Fmedia&parent=146950"}],"wp:term":[{"taxonomy":"category","embeddable":true,"href":"http:\/\/www.namnewsnetwork.org\/es\/index.php?rest_route=%2Fwp%2Fv2%2Fcategories&post=146950"},{"taxonomy":"post_tag","embeddable":true,"href":"http:\/\/www.namnewsnetwork.org\/es\/index.php?rest_route=%2Fwp%2Fv2%2Ftags&post=146950"}],"curies":[{"name":"wp","href":"https:\/\/api.w.org\/{rel}","templated":true}]}}