{"id":146948,"date":"2026-03-04T12:17:39","date_gmt":"2026-03-04T04:17:39","guid":{"rendered":"http:\/\/www.namnewsnetwork.org\/es\/?p=146948"},"modified":"2026-03-04T12:17:40","modified_gmt":"2026-03-04T04:17:40","slug":"brasil-enviara-alimentos-e-insumos-para-produccion-agricola-a-cuba","status":"publish","type":"post","link":"http:\/\/www.namnewsnetwork.org\/es\/?p=146948","title":{"rendered":"Brasil enviar\u00e1 alimentos e insumos para producci\u00f3n agr\u00edcola a Cuba"},"content":{"rendered":"\n<p>CARACAS, 4 mar (NNN-AVN) &#8212; El ministro de Desarrollo Agrario y Agricultura Familiar de Brasil, Paulo Teixeira, inform\u00f3 que enviar\u00e1n, esta semana, alimentos e insumos para la producci\u00f3n agr\u00edcola en Cuba, rese\u00f1\u00f3 Prensa Latina.<\/p>\n\n\n\n<p>El anuncio lo hizo durante una rueda de prensa por la Conferencia Regional de la Organizaci\u00f3n de las Naciones Unidas para la Alimentaci\u00f3n y la Agricultura (FAO, por sus siglas en ingl\u00e9s) para Am\u00e9rica Latina y el Caribe, que se realiza en Brasilia,<\/p>\n\n\n\n<p>El env\u00edo de ayuda forma parte de un programa bilateral, coordinado por la Agencia Brasile\u00f1a de Cooperaci\u00f3n y vinculado a iniciativas anunciadas durante la visita del presidente Luiz In\u00e1cio Lula da Silva a La Habana por la Cumbre del G77 + China.<\/p>\n\n\n\n<p>El programa busca apoyar a Cuba frente a dificultades como las restricciones impuestas por Estados Unidos, tras la firma de una orden ejecutiva por Donald Trump el 29 de enero, que amenaza con aranceles a quienes suministren o vendan petr\u00f3leo a la isla.<br>&#8212; NNN-AVN<\/p>\n","protected":false},"excerpt":{"rendered":"<p>CARACAS, 4 mar (NNN-AVN) &#8212; El ministro de Desarrollo Agrario y Agricultura Familiar de Brasil, Paulo Teixeira, inform\u00f3 que enviar\u00e1n, esta semana, alimentos e insumos para la producci\u00f3n agr\u00edcola en Cuba, rese\u00f1\u00f3 Prensa Latina. El anuncio lo hizo durante una rueda de prensa por la Conferencia Regional de la Organizaci\u00f3n de las Naciones Unidas para [&hellip;]<\/p>\n","protected":false},"author":2,"featured_media":0,"comment_status":"closed","ping_status":"closed","sticky":false,"template":"","format":"standard","meta":[],"categories":[215,211],"tags":[],"_links":{"self":[{"href":"http:\/\/www.namnewsnetwork.org\/es\/index.php?rest_route=\/wp\/v2\/posts\/146948"}],"collection":[{"href":"http:\/\/www.namnewsnetwork.org\/es\/index.php?rest_route=\/wp\/v2\/posts"}],"about":[{"href":"http:\/\/www.namnewsnetwork.org\/es\/index.php?rest_route=\/wp\/v2\/types\/post"}],"author":[{"embeddable":true,"href":"http:\/\/www.namnewsnetwork.org\/es\/index.php?rest_route=\/wp\/v2\/users\/2"}],"replies":[{"embeddable":true,"href":"http:\/\/www.namnewsnetwork.org\/es\/index.php?rest_route=%2Fwp%2Fv2%2Fcomments&post=146948"}],"version-history":[{"count":1,"href":"http:\/\/www.namnewsnetwork.org\/es\/index.php?rest_route=\/wp\/v2\/posts\/146948\/revisions"}],"predecessor-version":[{"id":146969,"href":"http:\/\/www.namnewsnetwork.org\/es\/index.php?rest_route=\/wp\/v2\/posts\/146948\/revisions\/146969"}],"wp:attachment":[{"href":"http:\/\/www.namnewsnetwork.org\/es\/index.php?rest_route=%2Fwp%2Fv2%2Fmedia&parent=146948"}],"wp:term":[{"taxonomy":"category","embeddable":true,"href":"http:\/\/www.namnewsnetwork.org\/es\/index.php?rest_route=%2Fwp%2Fv2%2Fcategories&post=146948"},{"taxonomy":"post_tag","embeddable":true,"href":"http:\/\/www.namnewsnetwork.org\/es\/index.php?rest_route=%2Fwp%2Fv2%2Ftags&post=146948"}],"curies":[{"name":"wp","href":"https:\/\/api.w.org\/{rel}","templated":true}]}}