{"id":146755,"date":"2026-03-02T08:14:00","date_gmt":"2026-03-02T00:14:00","guid":{"rendered":"http:\/\/www.namnewsnetwork.org\/es\/?p=146755"},"modified":"2026-03-02T06:02:09","modified_gmt":"2026-03-01T22:02:09","slug":"estados-unidos-confirma-sus-primeras-bajas-en-la-agresion-contra-iran","status":"publish","type":"post","link":"http:\/\/www.namnewsnetwork.org\/es\/?p=146755","title":{"rendered":"Estados Unidos confirma sus primeras bajas en la agresi\u00f3n contra Ir\u00e1n"},"content":{"rendered":"\n<p>WASHINGTON, 2 mar (NNN-CUBADEBATE) &#8212; Tres militares estadounidenses murieron y cinco resultaron gravemente heridos en el marco de los ataques de Estados Unidos contra Ir\u00e1n, inform\u00f3 el domingo el Mando Central (CENTCOM). Otros varios efectivos sufrieron heridas leves por metralla y conmociones y se encuentran en proceso de regresar al servicio.<\/p>\n\n\n\n<div class=\"wp-block-image\"><figure class=\"aligncenter size-large\"><img loading=\"lazy\" width=\"1024\" height=\"640\" src=\"http:\/\/www.namnewsnetwork.org\/es\/wp-content\/uploads\/2026\/03\/2026-03-01T161905Z_1631428417_RC2SVJALBDMV_RTRMADP_3_IRAN-CRISIS-1024x640.jpg\" alt=\"\" class=\"wp-image-146795\" srcset=\"http:\/\/www.namnewsnetwork.org\/es\/wp-content\/uploads\/2026\/03\/2026-03-01T161905Z_1631428417_RC2SVJALBDMV_RTRMADP_3_IRAN-CRISIS-1024x640.jpg 1024w, http:\/\/www.namnewsnetwork.org\/es\/wp-content\/uploads\/2026\/03\/2026-03-01T161905Z_1631428417_RC2SVJALBDMV_RTRMADP_3_IRAN-CRISIS-300x188.jpg 300w, http:\/\/www.namnewsnetwork.org\/es\/wp-content\/uploads\/2026\/03\/2026-03-01T161905Z_1631428417_RC2SVJALBDMV_RTRMADP_3_IRAN-CRISIS-768x480.jpg 768w, http:\/\/www.namnewsnetwork.org\/es\/wp-content\/uploads\/2026\/03\/2026-03-01T161905Z_1631428417_RC2SVJALBDMV_RTRMADP_3_IRAN-CRISIS.jpg 1110w\" sizes=\"(max-width: 1024px) 100vw, 1024px\" \/><figcaption><em><sup>Un F\/A-18E Super Hornet despega, mientras otro se prepara para despegar desde la cubierta de vuelo del portaaviones de clase Nimitz USS Abraham Lincoln en apoyo del ataque de la Operaci\u00f3n Furia \u00c9pica contra Ir\u00e1n, el 28 de febrero de 2026. (Foto: Marina de EE. UU.\/v\u00eda REUTERS)<\/sup><\/em><\/figcaption><\/figure><\/div>\n\n\n\n<p>&#8220;Las operaciones de combate de gran envergadura contin\u00faan y nuestro esfuerzo de respuesta sigue en curso&#8221;, se\u00f1al\u00f3 el organismo.<\/p>\n\n\n\n<p>El secretario de Guerra de EE.UU., Pete Hegseth, declar\u00f3 que &#8220;Estados Unidos no inici\u00f3 este conflicto, pero lo terminaremos&#8221;. En su comunicado, afirm\u00f3: &#8220;No toleraremos misiles potentes dirigidos contra el pueblo estadounidense. Estos misiles ser\u00e1n destruidos, junto con la producci\u00f3n de misiles de Ir\u00e1n. La Armada iran\u00ed ser\u00e1 destruida. Ir\u00e1n nunca tendr\u00e1 armas nucleares&#8221;.<\/p>\n\n\n\n<p>Durante la agresi\u00f3n conjunta de EE.UU. e Israel contra Ir\u00e1n, muri\u00f3 el l\u00edder supremo iran\u00ed, ayatol\u00e1 Al\u00ed Jamenei, cuatro de sus familiares y varios altos cargos del pa\u00eds persa.<br>&#8212; NNN-CUBADEBATE<\/p>\n","protected":false},"excerpt":{"rendered":"<p>WASHINGTON, 2 mar (NNN-CUBADEBATE) &#8212; Tres militares estadounidenses murieron y cinco resultaron gravemente heridos en el marco de los ataques de Estados Unidos contra Ir\u00e1n, inform\u00f3 el domingo el Mando Central (CENTCOM). Otros varios efectivos sufrieron heridas leves por metralla y conmociones y se encuentran en proceso de regresar al servicio. &#8220;Las operaciones de combate [&hellip;]<\/p>\n","protected":false},"author":2,"featured_media":146795,"comment_status":"closed","ping_status":"closed","sticky":false,"template":"","format":"standard","meta":[],"categories":[215,211,271,202],"tags":[],"_links":{"self":[{"href":"http:\/\/www.namnewsnetwork.org\/es\/index.php?rest_route=\/wp\/v2\/posts\/146755"}],"collection":[{"href":"http:\/\/www.namnewsnetwork.org\/es\/index.php?rest_route=\/wp\/v2\/posts"}],"about":[{"href":"http:\/\/www.namnewsnetwork.org\/es\/index.php?rest_route=\/wp\/v2\/types\/post"}],"author":[{"embeddable":true,"href":"http:\/\/www.namnewsnetwork.org\/es\/index.php?rest_route=\/wp\/v2\/users\/2"}],"replies":[{"embeddable":true,"href":"http:\/\/www.namnewsnetwork.org\/es\/index.php?rest_route=%2Fwp%2Fv2%2Fcomments&post=146755"}],"version-history":[{"count":2,"href":"http:\/\/www.namnewsnetwork.org\/es\/index.php?rest_route=\/wp\/v2\/posts\/146755\/revisions"}],"predecessor-version":[{"id":146796,"href":"http:\/\/www.namnewsnetwork.org\/es\/index.php?rest_route=\/wp\/v2\/posts\/146755\/revisions\/146796"}],"wp:featuredmedia":[{"embeddable":true,"href":"http:\/\/www.namnewsnetwork.org\/es\/index.php?rest_route=\/wp\/v2\/media\/146795"}],"wp:attachment":[{"href":"http:\/\/www.namnewsnetwork.org\/es\/index.php?rest_route=%2Fwp%2Fv2%2Fmedia&parent=146755"}],"wp:term":[{"taxonomy":"category","embeddable":true,"href":"http:\/\/www.namnewsnetwork.org\/es\/index.php?rest_route=%2Fwp%2Fv2%2Fcategories&post=146755"},{"taxonomy":"post_tag","embeddable":true,"href":"http:\/\/www.namnewsnetwork.org\/es\/index.php?rest_route=%2Fwp%2Fv2%2Ftags&post=146755"}],"curies":[{"name":"wp","href":"https:\/\/api.w.org\/{rel}","templated":true}]}}