{"id":146679,"date":"2026-03-01T13:12:38","date_gmt":"2026-03-01T05:12:38","guid":{"rendered":"http:\/\/www.namnewsnetwork.org\/es\/?p=146679"},"modified":"2026-03-01T13:12:42","modified_gmt":"2026-03-01T05:12:42","slug":"al-menos-15-muertos-en-accidente-de-avion-militar-en-el-alto-bolivia","status":"publish","type":"post","link":"http:\/\/www.namnewsnetwork.org\/es\/?p=146679","title":{"rendered":"Al menos 15 muertos en accidente de avi\u00f3n militar en El Alto, Bolivia"},"content":{"rendered":"\n<p>EL ALTO, BOLIVIA, 1 mar (NNN-ANDINA) &#8212; Al menos 15 personas murieron el viernes en el accidente de un avi\u00f3n militar H\u00e9rcules de la Fuerza A\u00e9rea Boliviana que se estrell\u00f3 al aterrizar en el aeropuerto de El Alto, cercano a La Paz, inform\u00f3 la Direcci\u00f3n Nacional de Bomberos.<\/p>\n\n\n\n<div class=\"wp-block-image\"><figure class=\"aligncenter size-large\"><img loading=\"lazy\" width=\"1024\" height=\"640\" src=\"http:\/\/www.namnewsnetwork.org\/es\/wp-content\/uploads\/2026\/03\/Bolivia-1024x640.jpg\" alt=\"\" class=\"wp-image-146740\" srcset=\"http:\/\/www.namnewsnetwork.org\/es\/wp-content\/uploads\/2026\/03\/Bolivia-1024x640.jpg 1024w, http:\/\/www.namnewsnetwork.org\/es\/wp-content\/uploads\/2026\/03\/Bolivia-300x188.jpg 300w, http:\/\/www.namnewsnetwork.org\/es\/wp-content\/uploads\/2026\/03\/Bolivia-768x480.jpg 768w, http:\/\/www.namnewsnetwork.org\/es\/wp-content\/uploads\/2026\/03\/Bolivia.jpg 1110w\" sizes=\"(max-width: 1024px) 100vw, 1024px\" \/><figcaption><em><sup>Una vista de dron muestra el lugar donde un avi\u00f3n H\u00e9rcules de la Fuerza A\u00e9rea Boliviana se estrell\u00f3 en una concurrida avenida en medio del mal tiempo en El Alto, Bolivia, el 28 de febrero de 2026. (Foto: REUTERS\/Claudia Morales)<\/sup><\/em><\/figcaption><\/figure><\/div>\n\n\n\n<p>El coronel bombero Pavel Tovar precis\u00f3 que la cifra de fallecidos se sit\u00faa &#8220;entre 15 y 16 personas&#8221; y que contin\u00faan recuperando los cuerpos. Los bomberos reportaron al menos 20 heridos. La aeronave proven\u00eda de Santa Cruz y transportaba papel moneda para el Banco Central de Bolivia.<\/p>\n\n\n\n<p>Partes del fuselaje destruido quedaron esparcidas en una calle de El Alto, impactando veh\u00edculos particulares. Transe\u00fantes se precipitaron a recoger billetes regados, por lo que la polic\u00eda dispers\u00f3 a la gente con gases lacrim\u00f3genos.<\/p>\n\n\n\n<p>El Ministerio de Defensa inform\u00f3 que el dinero transportado &#8220;carece de valor legal y adquisitivo&#8221; por no tener numeraci\u00f3n ni serie oficial, y advirti\u00f3 que su posesi\u00f3n constituye delito.<\/p>\n\n\n\n<p>La Fiscal\u00eda de La Paz report\u00f3 la aprehensi\u00f3n de 12 personas investigadas por saqueos a comercios durante el tumulto. Las operaciones del aeropuerto internacional de El Alto, el segundo m\u00e1s importante de Bolivia, quedaron suspendidas.<\/p>\n\n\n\n<p>Testigos relataron que en el momento del accidente ca\u00eda una &#8220;granizada fuerte&#8221; y hab\u00eda rayos. Los hospitales de El Alto lanzaron una campa\u00f1a de donaci\u00f3n de sangre para atender a los heridos.<br>&#8212; NNN-ANDINA<\/p>\n","protected":false},"excerpt":{"rendered":"<p>EL ALTO, BOLIVIA, 1 mar (NNN-ANDINA) &#8212; Al menos 15 personas murieron el viernes en el accidente de un avi\u00f3n militar H\u00e9rcules de la Fuerza A\u00e9rea Boliviana que se estrell\u00f3 al aterrizar en el aeropuerto de El Alto, cercano a La Paz, inform\u00f3 la Direcci\u00f3n Nacional de Bomberos. El coronel bombero Pavel Tovar precis\u00f3 que [&hellip;]<\/p>\n","protected":false},"author":2,"featured_media":146740,"comment_status":"closed","ping_status":"closed","sticky":false,"template":"","format":"standard","meta":[],"categories":[215,211,273],"tags":[],"_links":{"self":[{"href":"http:\/\/www.namnewsnetwork.org\/es\/index.php?rest_route=\/wp\/v2\/posts\/146679"}],"collection":[{"href":"http:\/\/www.namnewsnetwork.org\/es\/index.php?rest_route=\/wp\/v2\/posts"}],"about":[{"href":"http:\/\/www.namnewsnetwork.org\/es\/index.php?rest_route=\/wp\/v2\/types\/post"}],"author":[{"embeddable":true,"href":"http:\/\/www.namnewsnetwork.org\/es\/index.php?rest_route=\/wp\/v2\/users\/2"}],"replies":[{"embeddable":true,"href":"http:\/\/www.namnewsnetwork.org\/es\/index.php?rest_route=%2Fwp%2Fv2%2Fcomments&post=146679"}],"version-history":[{"count":5,"href":"http:\/\/www.namnewsnetwork.org\/es\/index.php?rest_route=\/wp\/v2\/posts\/146679\/revisions"}],"predecessor-version":[{"id":146741,"href":"http:\/\/www.namnewsnetwork.org\/es\/index.php?rest_route=\/wp\/v2\/posts\/146679\/revisions\/146741"}],"wp:featuredmedia":[{"embeddable":true,"href":"http:\/\/www.namnewsnetwork.org\/es\/index.php?rest_route=\/wp\/v2\/media\/146740"}],"wp:attachment":[{"href":"http:\/\/www.namnewsnetwork.org\/es\/index.php?rest_route=%2Fwp%2Fv2%2Fmedia&parent=146679"}],"wp:term":[{"taxonomy":"category","embeddable":true,"href":"http:\/\/www.namnewsnetwork.org\/es\/index.php?rest_route=%2Fwp%2Fv2%2Fcategories&post=146679"},{"taxonomy":"post_tag","embeddable":true,"href":"http:\/\/www.namnewsnetwork.org\/es\/index.php?rest_route=%2Fwp%2Fv2%2Ftags&post=146679"}],"curies":[{"name":"wp","href":"https:\/\/api.w.org\/{rel}","templated":true}]}}