{"id":146603,"date":"2026-03-01T10:56:03","date_gmt":"2026-03-01T02:56:03","guid":{"rendered":"http:\/\/www.namnewsnetwork.org\/es\/?p=146603"},"modified":"2026-03-01T10:56:05","modified_gmt":"2026-03-01T02:56:05","slug":"colombia-propone-arancel-del-50-a-productos-ecuatorianos","status":"publish","type":"post","link":"http:\/\/www.namnewsnetwork.org\/es\/?p=146603","title":{"rendered":"Colombia propone arancel del 50% a productos ecuatorianos"},"content":{"rendered":"\n<p>BOGOT\u00c1, 1 mar (NNN-TELESUR) &#8212; El Gobierno de Colombia, liderado por el presidente Gustavo Petro, anunci\u00f3 que propondr\u00e1 un incremento sustancial de los aranceles a las importaciones provenientes de Ecuador, elev\u00e1ndolos de un 30% a un 50%, como respuesta directa a las recientes pol\u00edticas comerciales adoptadas por la Administraci\u00f3n de Daniel Noboa.<\/p>\n\n\n\n<p>La ministra de Comercio, Industria y Turismo, Diana Morales, confirm\u00f3 que la propuesta no solo busca ajustar el gravamen a las 73 subpartidas que ya cuentan con restricciones, sino que se eval\u00faa incluir nuevos productos que han generado sensibilidad econ\u00f3mica tras las decisiones de Quito. &#8220;Estamos evaluando llevar otros productos, adem\u00e1s de los 73 iniciales&#8221;, afirm\u00f3 la ministra en entrevista radial, subrayando que la medida es una r\u00e9plica proporcional a la postura ecuatoriana.<\/p>\n\n\n\n<p>El conflicto comercial se intensific\u00f3 cuando el Ministerio de Producci\u00f3n de Ecuador inform\u00f3 que a partir del 1 de marzo entrar\u00e1 en vigor un alza arancelaria contra productos colombianos, justificada por una presunta falta de implementaci\u00f3n de controles efectivos por parte de Bogot\u00e1 para mejorar la seguridad en la frontera binacional. Esta situaci\u00f3n se suma a la suspensi\u00f3n de la venta de energ\u00eda el\u00e9ctrica por parte de Colombia y al incremento del 900% en las tarifas de transporte de crudo por el oleoducto SOTE de Ecuador, paralizando los env\u00edos de petr\u00f3leo desde el suroeste colombiano.<\/p>\n\n\n\n<p>A pesar de los recientes acercamientos ministeriales en Quito, las delegaciones de ambas partes no lograron alcanzar un consenso. Ante este escenario, Colombia anunci\u00f3 que interpondr\u00e1 una demanda ante la Comunidad Andina de Naciones, el bloque de integraci\u00f3n regional que rige las normas comerciales entre los dos pa\u00edses. La imposici\u00f3n de grav\u00e1menes y el alza en tarifas de transporte de crudo contradicen los principios de libre comercio de la CAN, obligando a Colombia a llevar la disputa ante instancias judiciales internacionales.<br>&#8212; NNN-TELESUR<\/p>\n","protected":false},"excerpt":{"rendered":"<p>BOGOT\u00c1, 1 mar (NNN-TELESUR) &#8212; El Gobierno de Colombia, liderado por el presidente Gustavo Petro, anunci\u00f3 que propondr\u00e1 un incremento sustancial de los aranceles a las importaciones provenientes de Ecuador, elev\u00e1ndolos de un 30% a un 50%, como respuesta directa a las recientes pol\u00edticas comerciales adoptadas por la Administraci\u00f3n de Daniel Noboa. La ministra de [&hellip;]<\/p>\n","protected":false},"author":2,"featured_media":0,"comment_status":"closed","ping_status":"closed","sticky":false,"template":"","format":"standard","meta":[],"categories":[215,209,211],"tags":[],"_links":{"self":[{"href":"http:\/\/www.namnewsnetwork.org\/es\/index.php?rest_route=\/wp\/v2\/posts\/146603"}],"collection":[{"href":"http:\/\/www.namnewsnetwork.org\/es\/index.php?rest_route=\/wp\/v2\/posts"}],"about":[{"href":"http:\/\/www.namnewsnetwork.org\/es\/index.php?rest_route=\/wp\/v2\/types\/post"}],"author":[{"embeddable":true,"href":"http:\/\/www.namnewsnetwork.org\/es\/index.php?rest_route=\/wp\/v2\/users\/2"}],"replies":[{"embeddable":true,"href":"http:\/\/www.namnewsnetwork.org\/es\/index.php?rest_route=%2Fwp%2Fv2%2Fcomments&post=146603"}],"version-history":[{"count":2,"href":"http:\/\/www.namnewsnetwork.org\/es\/index.php?rest_route=\/wp\/v2\/posts\/146603\/revisions"}],"predecessor-version":[{"id":146704,"href":"http:\/\/www.namnewsnetwork.org\/es\/index.php?rest_route=\/wp\/v2\/posts\/146603\/revisions\/146704"}],"wp:attachment":[{"href":"http:\/\/www.namnewsnetwork.org\/es\/index.php?rest_route=%2Fwp%2Fv2%2Fmedia&parent=146603"}],"wp:term":[{"taxonomy":"category","embeddable":true,"href":"http:\/\/www.namnewsnetwork.org\/es\/index.php?rest_route=%2Fwp%2Fv2%2Fcategories&post=146603"},{"taxonomy":"post_tag","embeddable":true,"href":"http:\/\/www.namnewsnetwork.org\/es\/index.php?rest_route=%2Fwp%2Fv2%2Ftags&post=146603"}],"curies":[{"name":"wp","href":"https:\/\/api.w.org\/{rel}","templated":true}]}}