{"id":146601,"date":"2026-02-28T13:47:46","date_gmt":"2026-02-28T05:47:46","guid":{"rendered":"http:\/\/www.namnewsnetwork.org\/es\/?p=146601"},"modified":"2026-02-28T13:47:49","modified_gmt":"2026-02-28T05:47:49","slug":"sube-a-64-la-cifra-de-muertos-por-temporales-en-brasil","status":"publish","type":"post","link":"http:\/\/www.namnewsnetwork.org\/es\/?p=146601","title":{"rendered":"Sube a 64 la cifra de muertos por temporales en Brasil"},"content":{"rendered":"\n<p>R\u00cdO DE JANEIRO, 28 feb (NNN-ANDINA) &#8212; El n\u00famero de muertos por los temporales que azotan el sureste de Brasil subi\u00f3 a 64 y cinco personas contin\u00faan desaparecidas en las ciudades de Juiz de Fora y Ub\u00e1, en el estado de Minas Gerais, seg\u00fan el primer balance oficial divulgado el viernes por el Cuerpo de Bomberos regional.<\/p>\n\n\n\n<div class=\"wp-block-image\"><figure class=\"aligncenter size-large\"><img loading=\"lazy\" width=\"1024\" height=\"640\" src=\"http:\/\/www.namnewsnetwork.org\/es\/wp-content\/uploads\/2026\/02\/2026-02-25T172408Z_568481706_RC23TJAWLQQ3_RTRMADP_3_BRAZIL-RAIN-1024x640.jpg\" alt=\"\" class=\"wp-image-146632\" srcset=\"http:\/\/www.namnewsnetwork.org\/es\/wp-content\/uploads\/2026\/02\/2026-02-25T172408Z_568481706_RC23TJAWLQQ3_RTRMADP_3_BRAZIL-RAIN-1024x640.jpg 1024w, http:\/\/www.namnewsnetwork.org\/es\/wp-content\/uploads\/2026\/02\/2026-02-25T172408Z_568481706_RC23TJAWLQQ3_RTRMADP_3_BRAZIL-RAIN-300x188.jpg 300w, http:\/\/www.namnewsnetwork.org\/es\/wp-content\/uploads\/2026\/02\/2026-02-25T172408Z_568481706_RC23TJAWLQQ3_RTRMADP_3_BRAZIL-RAIN-768x480.jpg 768w, http:\/\/www.namnewsnetwork.org\/es\/wp-content\/uploads\/2026\/02\/2026-02-25T172408Z_568481706_RC23TJAWLQQ3_RTRMADP_3_BRAZIL-RAIN.jpg 1110w\" sizes=\"(max-width: 1024px) 100vw, 1024px\" \/><figcaption><em><sup>Jos\u00e9 Florencio Torres, de 69 a\u00f1os, se encuentra junto a los escombros de su casa da\u00f1ada, luego de las fuertes lluvias que mataron a residentes y dejaron personas desaparecidas, en Juiz de Fora, estado de Minas Gerais, Brasil, el 25 de febrero de 2026. (Foto: REUTERS\/Pilar Olivares)<\/sup><\/em><\/figcaption><\/figure><\/div>\n\n\n\n<p>Los equipos de rescate suspendieron las labores en la madrugada debido a las fuertes lluvias que se reanudaron desde la noche del jueves y provocaron nuevas inundaciones en ambas localidades. La mayor\u00eda de las v\u00edctimas se registr\u00f3 en Juiz de Fora, donde las autoridades reportaron 58 fallecidos y tres desaparecidos. Los otros seis muertos y dos desaparecidos corresponden a Ub\u00e1, un municipio situado a cerca de 100 kil\u00f3metros.<\/p>\n\n\n\n<p>Ambas ciudades, situadas en una regi\u00f3n serrana propensa a intensas precipitaciones durante el verano, en el sur de Minas Gerais, han sufrido deslizamientos de tierra, inundaciones y graves da\u00f1os en infraestructuras desde el lunes cuando comenzaron los aguaceros. De acuerdo con las autoridades, al menos 4.200 personas cuyas viviendas est\u00e1n en peligro o fueron completamente destruidas se encuentran en refugios temporales.<\/p>\n\n\n\n<p>Seg\u00fan el Instituto Nacional de Meteorolog\u00eda (Inmet), la intensidad de las lluvias puede disminuir para el fin de semana con la llegada de una masa de aire seco, lo que podr\u00eda facilitar las labores de rescate y recuperaci\u00f3n en las zonas afectadas.<br>&#8212; NNN-ANDINA<\/p>\n","protected":false},"excerpt":{"rendered":"<p>R\u00cdO DE JANEIRO, 28 feb (NNN-ANDINA) &#8212; El n\u00famero de muertos por los temporales que azotan el sureste de Brasil subi\u00f3 a 64 y cinco personas contin\u00faan desaparecidas en las ciudades de Juiz de Fora y Ub\u00e1, en el estado de Minas Gerais, seg\u00fan el primer balance oficial divulgado el viernes por el Cuerpo de [&hellip;]<\/p>\n","protected":false},"author":2,"featured_media":146632,"comment_status":"closed","ping_status":"closed","sticky":false,"template":"","format":"standard","meta":[],"categories":[215,211,272],"tags":[],"_links":{"self":[{"href":"http:\/\/www.namnewsnetwork.org\/es\/index.php?rest_route=\/wp\/v2\/posts\/146601"}],"collection":[{"href":"http:\/\/www.namnewsnetwork.org\/es\/index.php?rest_route=\/wp\/v2\/posts"}],"about":[{"href":"http:\/\/www.namnewsnetwork.org\/es\/index.php?rest_route=\/wp\/v2\/types\/post"}],"author":[{"embeddable":true,"href":"http:\/\/www.namnewsnetwork.org\/es\/index.php?rest_route=\/wp\/v2\/users\/2"}],"replies":[{"embeddable":true,"href":"http:\/\/www.namnewsnetwork.org\/es\/index.php?rest_route=%2Fwp%2Fv2%2Fcomments&post=146601"}],"version-history":[{"count":2,"href":"http:\/\/www.namnewsnetwork.org\/es\/index.php?rest_route=\/wp\/v2\/posts\/146601\/revisions"}],"predecessor-version":[{"id":146633,"href":"http:\/\/www.namnewsnetwork.org\/es\/index.php?rest_route=\/wp\/v2\/posts\/146601\/revisions\/146633"}],"wp:featuredmedia":[{"embeddable":true,"href":"http:\/\/www.namnewsnetwork.org\/es\/index.php?rest_route=\/wp\/v2\/media\/146632"}],"wp:attachment":[{"href":"http:\/\/www.namnewsnetwork.org\/es\/index.php?rest_route=%2Fwp%2Fv2%2Fmedia&parent=146601"}],"wp:term":[{"taxonomy":"category","embeddable":true,"href":"http:\/\/www.namnewsnetwork.org\/es\/index.php?rest_route=%2Fwp%2Fv2%2Fcategories&post=146601"},{"taxonomy":"post_tag","embeddable":true,"href":"http:\/\/www.namnewsnetwork.org\/es\/index.php?rest_route=%2Fwp%2Fv2%2Ftags&post=146601"}],"curies":[{"name":"wp","href":"https:\/\/api.w.org\/{rel}","templated":true}]}}