{"id":146513,"date":"2026-02-27T13:57:23","date_gmt":"2026-02-27T05:57:23","guid":{"rendered":"http:\/\/www.namnewsnetwork.org\/es\/?p=146513"},"modified":"2026-02-27T13:57:25","modified_gmt":"2026-02-27T05:57:25","slug":"el-gobierno-de-transicion-de-peru-declara-emergencia-por-las-intensas-lluvias","status":"publish","type":"post","link":"http:\/\/www.namnewsnetwork.org\/es\/?p=146513","title":{"rendered":"El gobierno de transici\u00f3n de Per\u00fa declara emergencia por las intensas lluvias"},"content":{"rendered":"\n<p>LIMA, 27 feb (NNN-TELESUR) &#8212; Per\u00fa activ\u00f3 un plan de respuesta urgente ante los severos da\u00f1os ocasionados por las lluvias intensas y desbordes que afectan a distintas zonas del pa\u00eds. El nuevo gobierno de transici\u00f3n, encabezado por el legislador izquierdista Jos\u00e9 Mar\u00eda Balc\u00e1zar, inform\u00f3 el mi\u00e9rcoles que pondr\u00e1 en marcha acciones inmediatas para atender la emergencia.<\/p>\n\n\n\n<div class=\"wp-block-image\"><figure class=\"aligncenter size-large\"><img loading=\"lazy\" width=\"1024\" height=\"640\" src=\"http:\/\/www.namnewsnetwork.org\/es\/wp-content\/uploads\/2026\/02\/2026-02-24T073105Z_832820316_RC2ORJAVTG1W_RTRMADP_3_PERU-WEATHER-1024x640.jpg\" alt=\"\" class=\"wp-image-146547\" srcset=\"http:\/\/www.namnewsnetwork.org\/es\/wp-content\/uploads\/2026\/02\/2026-02-24T073105Z_832820316_RC2ORJAVTG1W_RTRMADP_3_PERU-WEATHER-1024x640.jpg 1024w, http:\/\/www.namnewsnetwork.org\/es\/wp-content\/uploads\/2026\/02\/2026-02-24T073105Z_832820316_RC2ORJAVTG1W_RTRMADP_3_PERU-WEATHER-300x188.jpg 300w, http:\/\/www.namnewsnetwork.org\/es\/wp-content\/uploads\/2026\/02\/2026-02-24T073105Z_832820316_RC2ORJAVTG1W_RTRMADP_3_PERU-WEATHER-768x480.jpg 768w, http:\/\/www.namnewsnetwork.org\/es\/wp-content\/uploads\/2026\/02\/2026-02-24T073105Z_832820316_RC2ORJAVTG1W_RTRMADP_3_PERU-WEATHER.jpg 1110w\" sizes=\"(max-width: 1024px) 100vw, 1024px\" \/><figcaption><em><sup>Una vista de dron muestra autos da\u00f1ados y enterrados en el lodo luego de una inundaci\u00f3n repentina causada por lluvias torrenciales, en Arequipa, Per\u00fa, el 23 de febrero de 2026. (Foto: REUTERS\/Oswald Charca)<\/sup><\/em><\/figcaption><\/figure><\/div>\n\n\n\n<p>Balc\u00e1zar sostuvo que el sur del pa\u00eds no puede continuar relegado y asegur\u00f3 que su administraci\u00f3n dar\u00e1 prioridad a las regiones hist\u00f3ricamente desatendidas. Asimismo, subray\u00f3 que la magnitud del desastre clim\u00e1tico demanda trabajo conjunto entre los distintos niveles del Estado, dejando de lado diferencias pol\u00edticas.<\/p>\n\n\n\n<p>En la reuni\u00f3n, el jefe de Estado inst\u00f3 a las autoridades locales a presentar los informes t\u00e9cnicos necesarios para ampliar el estado de emergencia en los distritos que lo requieran. Tambi\u00e9n anunci\u00f3 que se simplificar\u00e1n los tr\u00e1mites administrativos para que las declaratorias no queden solo en el papel y cuenten con asignaci\u00f3n presupuestal efectiva.<\/p>\n\n\n\n<p>Durante una rueda de prensa, Miralles explic\u00f3 que el Ejecutivo recorri\u00f3 las \u00e1reas afectadas para constatar los perjuicios, definir intervenciones y ordenar disposiciones orientadas a restablecer el tr\u00e1nsito, resguardar a la poblaci\u00f3n y garantizar el funcionamiento de los servicios esenciales.<\/p>\n\n\n\n<p>La primera ministra oficializ\u00f3 la ampliaci\u00f3n del estado de emergencia en 15 regiones: Amazonas, \u00c1ncash, Arequipa, Cajamarca, Ica, Jun\u00edn, La Libertad, Lambayeque, Lima, Madre de Dios, Moquegua, Piura, Puno, San Mart\u00edn y Tumbes, adem\u00e1s de algunos distritos espec\u00edficos con intervenciones diferenciadas seg\u00fan el nivel de afectaci\u00f3n. Cada regi\u00f3n contar\u00e1 con un ministro responsable de supervisar las acciones.<\/p>\n\n\n\n<p>El Ejecutivo autoriz\u00f3 que las localidades damnificadas puedan acceder a hasta 100.000 soles (aproximadamente 29.940 d\u00f3lares) a trav\u00e9s del Fondo para Intervenciones ante la Ocurrencia de Desastres Naturales, con el fin de ejecutar trabajos urgentes.<\/p>\n\n\n\n<p>Asimismo, el Ministerio de Vivienda activ\u00f3 el Bono de Arrendamiento por Emergencia, que prev\u00e9 una ayuda mensual de 500 soles (unos 150 d\u00f3lares) para que las familias afectadas puedan alquilar una vivienda temporal. El Ministerio de Desarrollo Agrario y Riego pondr\u00e1 en marcha el Seguro Agrario Catastr\u00f3fico para peque\u00f1os productores perjudicados, mientras que el sector Salud despleg\u00f3 brigadas m\u00e9dicas para asistir a la poblaci\u00f3n.<\/p>\n\n\n\n<p>Miralles tambi\u00e9n particip\u00f3 en una sesi\u00f3n de la Comisi\u00f3n Multisectorial del Estudio Nacional del Fen\u00f3meno El Ni\u00f1o, donde se evalu\u00f3 la situaci\u00f3n en cada regi\u00f3n, se revis\u00f3 la ejecuci\u00f3n de los recursos y se analizaron mecanismos para fortalecer la respuesta estatal. La declaratoria de emergencia, que abarca 15 de las 25 regiones del pa\u00eds, busca mitigar el impacto de las precipitaciones recientes, que han causado inundaciones, aluviones y da\u00f1os considerables en viviendas, carreteras e infraestructura b\u00e1sica.<br>&#8212; NNN-TELESUR<\/p>\n","protected":false},"excerpt":{"rendered":"<p>LIMA, 27 feb (NNN-TELESUR) &#8212; Per\u00fa activ\u00f3 un plan de respuesta urgente ante los severos da\u00f1os ocasionados por las lluvias intensas y desbordes que afectan a distintas zonas del pa\u00eds. El nuevo gobierno de transici\u00f3n, encabezado por el legislador izquierdista Jos\u00e9 Mar\u00eda Balc\u00e1zar, inform\u00f3 el mi\u00e9rcoles que pondr\u00e1 en marcha acciones inmediatas para atender la [&hellip;]<\/p>\n","protected":false},"author":2,"featured_media":146547,"comment_status":"closed","ping_status":"closed","sticky":false,"template":"","format":"standard","meta":[],"categories":[215,211,273],"tags":[],"_links":{"self":[{"href":"http:\/\/www.namnewsnetwork.org\/es\/index.php?rest_route=\/wp\/v2\/posts\/146513"}],"collection":[{"href":"http:\/\/www.namnewsnetwork.org\/es\/index.php?rest_route=\/wp\/v2\/posts"}],"about":[{"href":"http:\/\/www.namnewsnetwork.org\/es\/index.php?rest_route=\/wp\/v2\/types\/post"}],"author":[{"embeddable":true,"href":"http:\/\/www.namnewsnetwork.org\/es\/index.php?rest_route=\/wp\/v2\/users\/2"}],"replies":[{"embeddable":true,"href":"http:\/\/www.namnewsnetwork.org\/es\/index.php?rest_route=%2Fwp%2Fv2%2Fcomments&post=146513"}],"version-history":[{"count":4,"href":"http:\/\/www.namnewsnetwork.org\/es\/index.php?rest_route=\/wp\/v2\/posts\/146513\/revisions"}],"predecessor-version":[{"id":146549,"href":"http:\/\/www.namnewsnetwork.org\/es\/index.php?rest_route=\/wp\/v2\/posts\/146513\/revisions\/146549"}],"wp:featuredmedia":[{"embeddable":true,"href":"http:\/\/www.namnewsnetwork.org\/es\/index.php?rest_route=\/wp\/v2\/media\/146547"}],"wp:attachment":[{"href":"http:\/\/www.namnewsnetwork.org\/es\/index.php?rest_route=%2Fwp%2Fv2%2Fmedia&parent=146513"}],"wp:term":[{"taxonomy":"category","embeddable":true,"href":"http:\/\/www.namnewsnetwork.org\/es\/index.php?rest_route=%2Fwp%2Fv2%2Fcategories&post=146513"},{"taxonomy":"post_tag","embeddable":true,"href":"http:\/\/www.namnewsnetwork.org\/es\/index.php?rest_route=%2Fwp%2Fv2%2Ftags&post=146513"}],"curies":[{"name":"wp","href":"https:\/\/api.w.org\/{rel}","templated":true}]}}